{"id":140922,"date":"2024-10-25T10:30:33","date_gmt":"2024-10-25T13:30:33","guid":{"rendered":"https:\/\/vinasfm.com\/noticias\/?p=140922"},"modified":"2024-10-26T12:21:39","modified_gmt":"2024-10-26T15:21:39","slug":"licencias-de-conducir-vilchez-dio-detalles-sobre-el-proyecto-tratado-por-diputados","status":"publish","type":"post","link":"https:\/\/vinasfm.com\/noticias\/licencias-de-conducir-vilchez-dio-detalles-sobre-el-proyecto-tratado-por-diputados\/","title":{"rendered":"LICENCIAS DE CONDUCIR: VILCHES DIO DETALLES SOBRE EL PROYECTO TRATADO POR DIPUTADOS"},"content":{"rendered":"<h4><span style=\"color: #000000;\">El proyecto fue tratado en la \u00faltima sesi\u00f3n de Diputados. La iniciativa ahora deber\u00e1 ser tratada por el Senado para convertirse en ley<\/span><\/h4>\n<p><span style=\"color: #000000;\">La C\u00e1mara de Diputados dio media sanci\u00f3n al proyecto que ampl\u00eda la validez del carnet en la provincia de Mendoza. En di\u00e1logo con <span style=\"color: #800080;\"><strong>FM VI\u00d1AS<\/strong><\/span>,<em> el diputado<\/em> <span style=\"color: #003366;\"><strong>Jos\u00e9 Vilches<\/strong><\/span> se\u00f1al\u00f3 que <strong><em>\u201ceste proyecto ya llevaba mucho tiempo de tratamiento en la Comisi\u00f3n de Legislaci\u00f3n y Asuntos Constitucionales. Esta modificaci\u00f3n es una muy buena noticia para los mendocinos\u201d.<\/em><\/strong><\/span><\/p>\n<p><span style=\"color: #000000;\">En primer lugar, Vilches explic\u00f3 que<strong><em> \u201cen su momento, Mendoza adhiri\u00f3 a la Ley Nacional de Licencias de Conducir sin embargo en los \u00faltimos d\u00edas el Gobierno Nacional anunci\u00f3 cambios que deber\u00e1n ser tratados en la Provincia\u201d.<\/em><\/strong><\/span><\/p>\n<p><span style=\"color: #000000;\">Profundizando en los cambios aprobados por unanimidad en la sesi\u00f3n del mi\u00e9rcoles, con 42 votos afirmativos, el diputado indic\u00f3: <strong><em>\u201ca partir de los 18 a\u00f1os y hasta los 65, la vigencia de la Licencia de Conducir se extiende hasta los 10 a\u00f1os. En el caso de personas que tienen en 66 y 75 a\u00f1os, el vencimiento se aumenta hasta los 5 a\u00f1os. Para los mayores de 75 a\u00f1os, la vigencia se extiende hasta los 3 a\u00f1os\u201d.<\/em><\/strong><\/span><\/p>\n<p><span style=\"color: #000000;\">Seg\u00fan consider\u00f3 el diputado del radicalismo, <strong><em>\u201clo m\u00e1s favorable es la reducci\u00f3n de estr\u00e9s, sobre todo en los adultos mayores, al momento de rendir el examen\u201d.<\/em><\/strong> La noticia tambi\u00e9n es favorable para los 18 municipios de Mendoza porque <strong><em>\u201caliviana el trabajo en las oficinas que emiten la Licencia de Conducir, adem\u00e1s de descongestionar el tr\u00e1mite\u201d.<\/em><\/strong><\/span><\/p>\n<p><span style=\"color: #000000;\">\u00a0En los pr\u00f3ximos 15 d\u00edas, la media sanci\u00f3n ser\u00e1 tratada por la C\u00e1mara de Senadores y se espera que a finales del 2024 estas modificaciones se conviertan en Ley.<\/span><\/p>\n","protected":false},"excerpt":{"rendered":"<p>El proyecto fue tratado en la \u00faltima sesi\u00f3n de Diputados. La iniciativa ahora deber\u00e1 ser tratada por el Senado para convertirse &#8230;<\/p>\n","protected":false},"author":7,"featured_media":128559,"comment_status":"open","ping_status":"open","sticky":false,"template":"","format":"standard","meta":{"footnotes":""},"categories":[5,43],"tags":[],"class_list":["post-140922","post","type-post","status-publish","format-standard","has-post-thumbnail","hentry","category-actualidad","category-legislatura"],"_links":{"self":[{"href":"https:\/\/vinasfm.com\/noticias\/wp-json\/wp\/v2\/posts\/140922","targetHints":{"allow":["GET"]}}],"collection":[{"href":"https:\/\/vinasfm.com\/noticias\/wp-json\/wp\/v2\/posts"}],"about":[{"href":"https:\/\/vinasfm.com\/noticias\/wp-json\/wp\/v2\/types\/post"}],"author":[{"embeddable":true,"href":"https:\/\/vinasfm.com\/noticias\/wp-json\/wp\/v2\/users\/7"}],"replies":[{"embeddable":true,"href":"https:\/\/vinasfm.com\/noticias\/wp-json\/wp\/v2\/comments?post=140922"}],"version-history":[{"count":5,"href":"https:\/\/vinasfm.com\/noticias\/wp-json\/wp\/v2\/posts\/140922\/revisions"}],"predecessor-version":[{"id":140928,"href":"https:\/\/vinasfm.com\/noticias\/wp-json\/wp\/v2\/posts\/140922\/revisions\/140928"}],"wp:featuredmedia":[{"embeddable":true,"href":"https:\/\/vinasfm.com\/noticias\/wp-json\/wp\/v2\/media\/128559"}],"wp:attachment":[{"href":"https:\/\/vinasfm.com\/noticias\/wp-json\/wp\/v2\/media?parent=140922"}],"wp:term":[{"taxonomy":"category","embeddable":true,"href":"https:\/\/vinasfm.com\/noticias\/wp-json\/wp\/v2\/categories?post=140922"},{"taxonomy":"post_tag","embeddable":true,"href":"https:\/\/vinasfm.com\/noticias\/wp-json\/wp\/v2\/tags?post=140922"}],"curies":[{"name":"wp","href":"https:\/\/api.w.org\/{rel}","templated":true}]}}