{"id":140890,"date":"2024-10-24T19:33:26","date_gmt":"2024-10-24T22:33:26","guid":{"rendered":"https:\/\/vinasfm.com\/noticias\/?p=140890"},"modified":"2024-10-25T12:00:57","modified_gmt":"2024-10-25T15:00:57","slug":"casi-22-000-estudiantes-secundarios-participaron-en-el-operativo-nacional-aprender-2024","status":"publish","type":"post","link":"https:\/\/vinasfm.com\/noticias\/casi-22-000-estudiantes-secundarios-participaron-en-el-operativo-nacional-aprender-2024\/","title":{"rendered":"CASI 22.000 ESTUDIANTES SECUNDARIOS PARTICIPARON EN EL OPERATIVO NACIONAL APRENDER 2024"},"content":{"rendered":"<h4><span style=\"color: #000000;\">Se desarroll\u00f3 en 391 escuelas de la provincia, con la participaci\u00f3n de estudiantes de quinto a\u00f1o. La evaluaci\u00f3n educativa se realiza a nivel nacional mide y conocimientos en lengua y matem\u00e1tica.<\/span><\/h4>\n<p><span style=\"color: #000000;\">La <em>directora de Evaluaci\u00f3n de la Calidad Educativa<\/em>, <span style=\"color: #003366;\"><strong>Romina Dur\u00e1n<\/strong><\/span>, y <em>el director de Educaci\u00f3n Secundaria<\/em>, <span style=\"color: #003366;\"><strong>Emilio Moreno<\/strong><\/span>, visitaron la Escuela 4-082 Jos\u00e9 P. D\u00e1vila, de Las Heras. <strong>Junto a la comunidad educativa, brindaron detalles sobre el operativo nacional Aprender 2024, que se desarroll\u00f3 este jueves en las escuelas mendocinas.<\/strong><\/span><\/p>\n<p><span style=\"color: #000000;\">El <strong>operativo nacional Aprender 2024<\/strong>, destinado a estudiantes del \u00faltimo a\u00f1o de nivel secundario, se implement\u00f3 en 391 escuelas y alcanz\u00f3 a 21.916 estudiantes. El gobierno escolar destin\u00f3 a m\u00e1s de 305 docentes que cumplieron las funciones de coordinadores de cabeceras para garantizar y fortalecer la implementaci\u00f3n de esta importante herramienta educativa que permite seguir y acompa\u00f1ar las trayectorias escolares de cada participante.<\/span><\/p>\n<p><span style=\"color: #000000;\">La directora de Evaluaci\u00f3n de la Calidad Educativa, Romina Dur\u00e1n, dijo que esta evaluaci\u00f3n abarca las \u00e1reas de matem\u00e1tica y lengua y que se comunicar\u00e1n los resultados una vez que la Naci\u00f3n los procese y los comunique a cada jurisdicci\u00f3n.<strong><em> \u201cTambi\u00e9n los resultados llegar\u00e1n a cada una de las escuelas para que puedan ver cu\u00e1l ha sido el rendimiento de sus estudiantes. Son insumos muy valiosos, porque nos permiten observar c\u00f3mo est\u00e1 la educaci\u00f3n en Mendoza a nivel nacional y entender cu\u00e1les son las fortalezas y debilidades de los aprendizajes de los j\u00f3venes\u201d<\/em><\/strong>, manifest\u00f3.<\/span><\/p>\n<p><span style=\"color: #000000;\"><em><strong>\u201cTambi\u00e9n ayuda a complementar nuestras propias mediciones jurisdiccionales para generar estrategias que acompa\u00f1en las mejoras en el aprendizaje. Hay que observar los resultados. Todo este a\u00f1o estuvimos acompa\u00f1ando a los estudiantes mediante acciones educativas que implementamos en Mendoza y tenemos expectativas positivas\u201d<\/strong><\/em>, concluy\u00f3 la funcionaria.<\/span><\/p>\n<p><span style=\"color: #000000;\">Por su parte, Emilio Moreno, director de Educaci\u00f3n Secundaria, explic\u00f3 que se trabaja con diferentes estrategias y destac\u00f3 que este a\u00f1o, desde la Provincia, se implement\u00f3 un programa destinado a fortalecer el \u00e1rea de matem\u00e1tica. <strong><em>\u201cEstas evaluaciones, que son estandarizadas, nos dan insumos para observar nuestras escuelas y poder compararnos con resultados de otros a\u00f1os. Esperamos que los resultados mejoren, sobre todo en matem\u00e1tica, que es un \u00e1rea que registramos con muchas dificultades. Hacemos distintas acciones para mejorar y acompa\u00f1ar las trayectorias de nuestros estudiantes\u201d<\/em><\/strong>, expres\u00f3.<\/span><\/p>\n<p><span style=\"color: #000000;\">La <em>directora de la Escuela 4-082<\/em>, <span style=\"color: #003366;\"><strong>Eliana Moreira<\/strong><\/span>, cont\u00f3 que <strong><em>\u201clos equipos docentes asistieron a las capacitaciones para poder desarrollar este operativo respetando los tiempos de los estudiantes. Trabajamos con las familias que deber\u00e1n responder un cuestionario socio econ\u00f3mico y tambi\u00e9n se habl\u00f3 sobre el clima institucional. Los estudiantes est\u00e1n motivados para participar y saben que es importante realizar esta evaluaci\u00f3n que marca un camino para poder tomar decisiones de mejoras escolares en su conjunto\u201d.<\/em><\/strong><\/span><\/p>\n<p><span style=\"color: #000000;\"><em>La supervisora<\/em><span style=\"color: #003366;\"><strong> Eliana Jure<\/strong><\/span>, <em>de la Secci\u00f3n 1<\/em>, dijo que se trabaja en conjunto con los equipos directivos y el gobierno escolar para acompa\u00f1ar a las instituciones. <em><strong>\u201cResolvemos junto a las escuelas para que todo salga en orden. Implementamos las l\u00edneas de trabajo que llegan de la DGE respetando las caracter\u00edsticas y necesidades de cada instituci\u00f3n\u201d<\/strong><\/em>, afirm\u00f3.<\/span><\/p>\n<p><span style=\"color: #000000;\">Martina y Noem\u00ed, estudiantes de quinto a\u00f1o, expresaron que se prepararon para esta experiencia y comentaron que con los conocimientos que adquirieron durante el a\u00f1o pudieron contestar y formar parte de esta evaluaci\u00f3n. Tambi\u00e9n explicaron que trabajaron sobre textos y en ejercicios de matem\u00e1ticas.<\/span><\/p>\n","protected":false},"excerpt":{"rendered":"<p>Se desarroll\u00f3 en 391 escuelas de la provincia, con la participaci\u00f3n de estudiantes de quinto a\u00f1o. La evaluaci\u00f3n educativa se realiza &#8230;<\/p>\n","protected":false},"author":7,"featured_media":140891,"comment_status":"open","ping_status":"open","sticky":false,"template":"","format":"standard","meta":{"footnotes":""},"categories":[5,18],"tags":[],"class_list":["post-140890","post","type-post","status-publish","format-standard","has-post-thumbnail","hentry","category-actualidad","category-educacion"],"_links":{"self":[{"href":"https:\/\/vinasfm.com\/noticias\/wp-json\/wp\/v2\/posts\/140890","targetHints":{"allow":["GET"]}}],"collection":[{"href":"https:\/\/vinasfm.com\/noticias\/wp-json\/wp\/v2\/posts"}],"about":[{"href":"https:\/\/vinasfm.com\/noticias\/wp-json\/wp\/v2\/types\/post"}],"author":[{"embeddable":true,"href":"https:\/\/vinasfm.com\/noticias\/wp-json\/wp\/v2\/users\/7"}],"replies":[{"embeddable":true,"href":"https:\/\/vinasfm.com\/noticias\/wp-json\/wp\/v2\/comments?post=140890"}],"version-history":[{"count":1,"href":"https:\/\/vinasfm.com\/noticias\/wp-json\/wp\/v2\/posts\/140890\/revisions"}],"predecessor-version":[{"id":140892,"href":"https:\/\/vinasfm.com\/noticias\/wp-json\/wp\/v2\/posts\/140890\/revisions\/140892"}],"wp:featuredmedia":[{"embeddable":true,"href":"https:\/\/vinasfm.com\/noticias\/wp-json\/wp\/v2\/media\/140891"}],"wp:attachment":[{"href":"https:\/\/vinasfm.com\/noticias\/wp-json\/wp\/v2\/media?parent=140890"}],"wp:term":[{"taxonomy":"category","embeddable":true,"href":"https:\/\/vinasfm.com\/noticias\/wp-json\/wp\/v2\/categories?post=140890"},{"taxonomy":"post_tag","embeddable":true,"href":"https:\/\/vinasfm.com\/noticias\/wp-json\/wp\/v2\/tags?post=140890"}],"curies":[{"name":"wp","href":"https:\/\/api.w.org\/{rel}","templated":true}]}}