{"id":140887,"date":"2024-10-24T19:06:54","date_gmt":"2024-10-24T22:06:54","guid":{"rendered":"https:\/\/vinasfm.com\/noticias\/?p=140887"},"modified":"2024-10-25T10:33:20","modified_gmt":"2024-10-25T13:33:20","slug":"en-san-rafael-cornejo-aseguro-que-el-gobierno-provincial-esta-enfocado-en-el-desarrollo-del-sur-mendocino","status":"publish","type":"post","link":"https:\/\/vinasfm.com\/noticias\/en-san-rafael-cornejo-aseguro-que-el-gobierno-provincial-esta-enfocado-en-el-desarrollo-del-sur-mendocino\/","title":{"rendered":"EN SAN RAFAEL, CORNEJO ASEGUR\u00d3 QUE EL GOBIERNO PROVINCIAL EST\u00c1 ENFOCADO EN EL DESARROLLO DEL SUR MENDOCINO"},"content":{"rendered":"<h4><span style=\"color: #000000;\">El Gobernador particip\u00f3 en el tradicional Almuerzo de las Fuerzas Vivas 2024 de San Rafael. En su discurso, el mandatario puso en valor los avances en materia de servicios p\u00fablicos y obras en la regi\u00f3n y anticip\u00f3 inversiones para el departamento y la zona Sur.<\/span><\/h4>\n<p><span style=\"color: #000000;\">Este jueves, el<strong> Centro de Congresos y Exposiciones Alfredo Rodolfo Bufano<\/strong> fue el escenario donde se realiz\u00f3 la edici\u00f3n 2024 del tradicional <strong>Almuerzo de las Fuerzas Vivas<\/strong> que organiza la C\u00e1mara de Comercio, Industria y Agropecuaria de San Rafael. <strong>El Gobernador <span style=\"color: #003366;\">Alfredo Cornejo<\/span> asisti\u00f3 al evento y brind\u00f3 su discurso.<\/strong><\/span><\/p>\n<p><span style=\"color: #000000;\">Tambi\u00e9n participaron la <em>vicegobernadora<\/em>, <span style=\"color: #003366;\"><strong>Hebe Casado<\/strong><\/span>; el <em>Intendente de San Rafael<\/em>, <span style=\"color: #003366;\"><strong>Omar F\u00e9lix<\/strong><\/span>; e<em>l de General Alvear<\/em>, <strong><span style=\"color: #003366;\">Alejandro Molero<\/span><\/strong>; <em>el de Malarg\u00fce<\/em>, <span style=\"color: #003366;\"><strong>Celso Jaque<\/strong><\/span>;<em> el ministro de Gobierno, Infraestructura y Desarrollo Territorial<\/em>, <span style=\"color: #003366;\"><strong>Natalio Mema<\/strong><\/span>; <em>el de Educaci\u00f3n, Cultura, Infancias y DGE<\/em>, <span style=\"color: #003366;\"><strong>Tadeo Garc\u00eda Zalazar<\/strong><\/span>, y <em>el de Producci\u00f3n<\/em>, <span style=\"color: #003366;\"><strong>Rodolfo Vargas Arizu<\/strong><\/span>.\u00a0<\/span><\/p>\n<p><span style=\"color: #000000;\">Adem\u00e1s, estuvieron presentes el <em>diputado nacional<\/em> <span style=\"color: #003366;\"><strong>Lisandro Nieri<\/strong><\/span>; <em>el presidente de la C\u00e1mara de Diputados de la provincia<\/em>, <span style=\"color: #003366;\"><strong>Andr\u00e9s Lombardi<\/strong><\/span>; <em>el presidente de la C\u00e1mara de Comercio, Industria y Agropecuaria de San Rafael<\/em>, <span style=\"color: #003366;\"><strong>Gabriel Brega<\/strong><\/span>; <em>su vicepresidente<\/em>, <span style=\"color: #003366;\"><strong>Gustavo Lombard<\/strong><\/span>; <em>el superintendente de Irrigaci\u00f3n<\/em><span style=\"color: #003366;\"><strong>, Sergio Marinelli<\/strong><\/span>; <em>la subsecretaria de Infraestructura y Desarrollo Territorial<\/em>, <span style=\"color: #003366;\"><strong>Marit\u00e9 Badui<\/strong><\/span>; l<em>a vicepresidenta del Ente Mendoza Turismo<\/em>, <span style=\"color: #003366;\"><strong>Cynthia Maggioni<\/strong><\/span>; <em>la subsecretaria de Empleo y Capacitaci\u00f3n<\/em>, <strong>Emilce Vega Espinoza<\/strong>, <em>representantes de distintas c\u00e1maras de comercio de la provincia y el pa\u00eds, autoridades nacionales, provinciales y locales.<\/em><\/span><\/p>\n<h2><span style=\"color: #000000;\"><strong>\u201cNos hemos anticipado a las decisiones que hoy se toman para sanear la administraci\u00f3n nacional\u201d<\/strong><\/span><\/h2>\n<p><span style=\"color: #000000;\">Cornejo asegur\u00f3 que en los \u00faltimos a\u00f1os <strong><em>\u201chemos venido trabajando con la vocaci\u00f3n de entregarles a los mendocinos un Estado m\u00e1s inteligente, que les cueste menos a los contribuyentes y que brinde cada vez mejores servicios, priorizando siempre el bien com\u00fan por sobre los intereses sectoriales\u201d.<\/em><\/strong><\/span><\/p>\n<p><span style=\"color: #000000;\">De esta manera, asegur\u00f3 que <strong><em>\u201cla \u00fanica forma de conseguir desarrollo genuino es tener mayor sector privado\u201d<\/em><\/strong>. As\u00ed, agreg\u00f3 que este<strong> \u201cha sido y es el camino de certidumbre que hemos venido ofreci\u00e9ndole a los mendocinos\u201d.<\/strong><\/span><\/p>\n<p><span style=\"color: #000000;\">Cornejo puso en valor que este proceso de cambios \u201c<em><strong>ha requerido reformas profundas, que comenzaron por poner el orden esencial, tanto fiscal como en la gesti\u00f3n operativa de los servicios sustantivos\u201d<\/strong><\/em>, y a\u00f1adi\u00f3 que <strong><em>\u201cesas reformas que hemos impulsado y venimos impulsando han sido fundamentales para que Mendoza tenga un Estado m\u00e1s sano\u201d.<\/em><\/strong><\/span><\/p>\n<p><span style=\"color: #000000;\">Acto seguido, Cornejo enumer\u00f3 las principales acciones que se llevaron adelante desde el Ejecutivo provincial en los \u00faltimos a\u00f1os. <em><strong>\u201cEl equilibrio fiscal, la racionalizaci\u00f3n del gasto p\u00fablico, la desarticulaci\u00f3n de los bolsones improductivos, la reducci\u00f3n de la cantidad de funcionarios pol\u00edticos y de agentes p\u00fablicos que no contribu\u00edan a la prestaci\u00f3n de servicios, la austeridad en el manejo de los recursos p\u00fablicos, la baja progresiva de impuestos, la desburocratizaci\u00f3n, entre otras tantas aristas, son asignaturas que la Provincia encar\u00f3 con coraje en momentos que parec\u00edan valores contraculturales\u201d.<\/strong><\/em><\/span><\/p>\n<p><span style=\"color: #000000;\">A continuaci\u00f3n, el mandatario hizo hincapi\u00e9 en que desde Mendoza <strong><em>\u201cnos hemos anticipado a las decisiones que hoy se van tomando para sanear la administraci\u00f3n nacional. Abundan los ejemplos\u201d.<\/em><\/strong> As\u00ed, se refiri\u00f3 al reciente anuncio del cierre de la AFIP y afirm\u00f3 que, <strong><em>\u201cuna vez m\u00e1s, tengo que decir que en Mendoza eso ya se hizo antes con nuestro ente recaudador: se redujo casi el 43% la planta de personal entre 2016 y 2024, los funcionarios no cobran el llamado \u2018fondo est\u00edmulo\u2019 y sus sueldos son menores que los del Gobernador y, por supuesto, se prestan mejores servicios. Mendoza es modelo de buena administraci\u00f3n\u201d.<\/em><\/strong><\/span><\/p>\n<p><span style=\"color: #000000;\">Luego, Cornejo asegur\u00f3 que el crecimiento nace de las reglas de juego que fija el Gobierno nacional y de c\u00f3mo sus pol\u00edticas producen o no credibilidad para que haya inversi\u00f3n. Por lo que sostuvo que <em><strong>\u201ces vital que el Gobierno nacional siga buscando mecanismos de negociaci\u00f3n para que haya previsibilidad a trav\u00e9s de la gobernabilidad y no elija el ya probado y fracasado recurso de la confrontaci\u00f3n ciega\u201d.<\/strong><\/em><\/span><\/p>\n<p><span style=\"color: #000000;\">El Gobernador se\u00f1al\u00f3 que <strong><em>\u201cfieles a nuestro estilo, nos hemos enfocado en dar nuevos pasos para apalancar el desarrollo de la provincia. Lo hacemos con las tres herramientas que tenemos\u201d<\/em><\/strong>, y detall\u00f3 los recursos del resarcimiento econ\u00f3mico por la Promoci\u00f3n Industrial, el Presupuesto provincial y una activa visibilizaci\u00f3n de Mendoza para estimular la inversi\u00f3n en torno al aprovechamiento del cobre.<\/span><\/p>\n<p><span style=\"color: #000000;\">En cuanto a los 1.023 millones de d\u00f3lares, el mandatario asegur\u00f3 que desde el Gobierno de Mendoza <em><strong>\u201cbuscamos que sean invertidos en obras con repago, para crear c\u00edrculos de inversi\u00f3n sostenibles a partir del recupero, incluso introduciendo mecanismos que incentiven una participaci\u00f3n m\u00e1s activa del sector privado\u201d.<\/strong> <\/em>Adem\u00e1s, sum\u00f3 que <strong><em>\u201cel objetivo es avanzar apoyando una estrategia de desarrollo equilibrado en todo el territorio provincial, a trav\u00e9s de la consolidaci\u00f3n de sus oasis productivos, priorizando la agenda del agua para diversos usos, el saneamiento, la energ\u00eda y la infraestructura vial\u201d.<\/em><\/strong><\/span><\/p>\n<p><img decoding=\"async\" src=\"https:\/\/www.mendoza.gov.ar\/wp-content\/uploads\/sites\/5\/2024\/10\/DSC_4881-700x466.jpg\" \/><\/p>\n<h3><span style=\"color: #000000;\"><strong>Anuncios relevantes que priorizan a San Rafael<\/strong><\/span><\/h3>\n<p><span style=\"color: #000000;\">El Gobernador destac\u00f3 que el proyecto de la obra de cierre del Anillo San Rafael-General Alvear permitir\u00e1 el aumento y la seguridad en la capacidad de suministro para ambos departamentos. Una obra que producir\u00e1 beneficios a 270.000 habitantes de la regi\u00f3n, con una inversi\u00f3n de 32,6 millones de d\u00f3lares.<\/span><\/p>\n<p><span style=\"color: #000000;\">Posteriormente, asegur\u00f3 que, con el prop\u00f3sito de avanzar en la log\u00edstica e interconexi\u00f3n de nuestros oasis,<em><strong> \u201chemos anunciado tambi\u00e9n la intervenci\u00f3n en las rutas provinciales 153 y 171 con algo m\u00e1s de 35 millones de d\u00f3lares\u201d.<\/strong><\/em><\/span><\/p>\n<p><span style=\"color: #000000;\">Tambi\u00e9n anunci\u00f3 inversiones para la impermeabilizaci\u00f3n de canales y la construcci\u00f3n de reservorios, destinados a conseguir un mejor aprovechamiento del agua. Algunas de esas obras son:<\/span><\/p>\n<ul>\n<li><em><span style=\"color: #000000;\">El revestimiento y la modernizaci\u00f3n parcial del sistema de riego Canal Matriz Perrone, en la Cuenca del R\u00edo Atuel, por 21 millones de d\u00f3lares.\u00a0<\/span><\/em><\/li>\n<li><em><span style=\"color: #000000;\">Una inversi\u00f3n de 4,8 millones de d\u00f3lares en la modernizaci\u00f3n de la distribuci\u00f3n del Canal Bombal, en la Cuenca del R\u00edo Diamante.<\/span><\/em><\/li>\n<li><em><span style=\"color: #000000;\">La modernizaci\u00f3n del sistema de riego Canal Ser\u00fa-Civit, en la Cuenca del R\u00edo Diamante, con una inversi\u00f3n de 4 millones de d\u00f3lares m\u00e1s.\u00a0<\/span><\/em><\/li>\n<\/ul>\n<p><span style=\"color: #000000;\">As\u00ed, Cornejo remarc\u00f3 que se trata de una inversi\u00f3n de casi 30 millones de d\u00f3lares destinados a la impermeabilizaci\u00f3n de 50 km de canales, que cubren 9.184 hect\u00e1reas para fortalecer el sector primario del Sur. Adem\u00e1s, trajo a colaci\u00f3n las obras finalizadas entre 2023 y 2024 financiadas con el Presupuesto provincial, como la l\u00ednea de media tensi\u00f3n Loma Amarilla-El Sosneado y el acueducto Monte Com\u00e1n-La Horqueta, que est\u00e1 en ejecuci\u00f3n con un avance de 80%, con un reservorio lleno de 8.300 m3.<\/span><\/p>\n<p><span style=\"color: #000000;\">En materia habitacional, el Gobernador subray\u00f3 que en lo que va de 2024 se han entregado 50 viviendas y 101 mejoramientos y que est\u00e1n en ejecuci\u00f3n 6 barrios, con un total de 180 nuevas viviendas y 2 mejoramientos m\u00e1s.<\/span><\/p>\n<p><span style=\"color: #000000;\">Continuando con los detalles de las obras que se est\u00e1n realizando, el Gobernador coment\u00f3 que Aysam sigue con la ampliaci\u00f3n del Establecimiento Depurador Cuadro Nacional, en su tercera etapa, con un avance de 24,94%, que beneficiar\u00e1 a 147.231 personas con una inversi\u00f3n de m\u00e1s de 5,7 millones de d\u00f3lares.<\/span><\/p>\n<p><span style=\"color: #000000;\">Tambi\u00e9n, hizo referencia a la ampliaci\u00f3n de la Planta Potabilizadora Balloffet, con una inversi\u00f3n de 22,7 millones de d\u00f3lares y 140.000 beneficiarios. A esto agreg\u00f3 que est\u00e1 vigente el proyecto sujeto a financiamiento de la ampliaci\u00f3n de las plantas 25 de Mayo y Valle Grande.<\/span><\/p>\n<p><span style=\"color: #000000;\">Sobre las obras que lleva adelante Vialidad Provincial, Cornejo anunci\u00f3 que<em><strong> \u201choy, justamente, se ha publicado en el\u00a0Bolet\u00edn Oficial\u00a0el llamado a licitaci\u00f3n de dos rutas que son importantes caminos productivos\u201d<\/strong><\/em>, y detall\u00f3 que se trata de la Ruta Provincial 160, entre RP 165 y RN 146, que cruza la localidad de Goudge, con una inversi\u00f3n de m\u00e1s de 5.000 millones de pesos, y la Ruta Provincial 177, com\u00fanmente llamada la De los Claveles, entre Rama Ca\u00edda y Salto de las Rosas, con una inversi\u00f3n de m\u00e1s de 2.600 millones de pesos.<\/span><\/p>\n<p><span style=\"color: #000000;\"><strong>Obras que est\u00e1n en el Presupuesto 2025<\/strong><\/span><\/p>\n<p><span style=\"color: #000000;\">Cornejo asegur\u00f3 que la Ruta Provincial 173, Ca\u00f1\u00f3n del Atuel, tambi\u00e9n se encuentra considerada dentro del Presupuesto provincial 2025 como obra sujeta a financiamiento.<\/span><\/p>\n<p><span style=\"color: #000000;\">Respecto al Paso Las Le\u00f1as, el Gobernador se\u00f1al\u00f3: <em><strong>\u201cHemos elevado al Gobierno nacional, tanto a Canciller\u00eda como a la Secretar\u00eda de Obras P\u00fablicas, la solicitud para que convoque a reuni\u00f3n de Ebile\u00f1as\u201d.<\/strong><\/em><\/span><\/p>\n<p><span style=\"color: #000000;\">Sobre la usurpaci\u00f3n de tierras mendocinas por comunidades mapuches, el mandatario anunci\u00f3 que <strong><em>\u201cdespu\u00e9s de m\u00e1s de un a\u00f1o, el INAI [Instituto Nacional de Asuntos Ind\u00edgenas] y tras gestiones realizadas por nuestro Gobierno, reabri\u00f3 los expedientes\u201d.<\/em><\/strong> Esto significa que reconocen que deben darle la debida participaci\u00f3n al Gobierno de Mendoza, como lo establece la ley, y reconocen que la resoluci\u00f3n de aquel momento no estuvo bien sustanciada desde un inicio.<\/span><\/p>\n<p><span style=\"color: #000000;\"><strong>Sobre el gasoducto y el aeropuerto de San Rafael<\/strong><\/span><\/p>\n<p><span style=\"color: #000000;\">Respecto del gasoducto, Cornejo mencion\u00f3 que \u201c<em><strong>hay que recordar que la obra se acord\u00f3 entre el Municipio y el Gobierno nacional. Al momento de asumir las nuevas autoridades, tanto nacionales como provinciales, esa obra ya se encontraba parada\u201d.<\/strong> <\/em>As\u00ed, se\u00f1al\u00f3 que desde el Ejecutivo provincial <strong><em>\u201cnos hemos puesto a disposici\u00f3n del intendente para acompa\u00f1ar las gestiones necesarias a fin de reactivar su ejecuci\u00f3n\u201d.<\/em><\/strong><\/span><\/p>\n<p><span style=\"color: #000000;\">Sobre la situaci\u00f3n del aeropuerto de San Rafael, el mandatario sostuvo:<strong><em> \u201cCompartimos la preocupaci\u00f3n por la situaci\u00f3n, no podemos subrogar la responsabilidad del Gobierno nacional. Igualmente, estamos dispuestos a acompa\u00f1ar para explorar posibles soluciones\u201d.<\/em><\/strong><\/span><\/p>\n<p><span style=\"color: #000000;\"><strong>Energ\u00eda y miner\u00eda<\/strong><\/span><\/p>\n<p><span style=\"color: #000000;\">En materia energ\u00e9tica y las inversiones realizadas por las empresas distribuidoras de energ\u00eda el\u00e9ctrica en San Rafael, el mandatario puso en valor que los n\u00fameros han aumentado de 2023 a 2024 en m\u00e1s de 215 millones de pesos, lo que significar\u00e1 la posibilidad de mejorar la calidad del servicio, satisfacer mayor demanda y preparar la red para futuros desaf\u00edos.<\/span><\/p>\n<p><span style=\"color: #000000;\">El Gobernador trajo a colaci\u00f3n el reciente inicio del procedimiento de Declaraci\u00f3n de Impacto Ambiental (DIA) para el proyecto Don Luis, presentado por la empresa El Jarillal, en conjunto con la compa\u00f1\u00eda australiana Ampere Lithium. <em><strong>\u201cEste proyecto tiene como objetivo la exploraci\u00f3n de sales de litio en San Rafael. Adem\u00e1s, existe una nueva iniciativa para explorar sales de litio en este departamento y en Malarg\u00fce\u201d.<\/strong><\/em><\/span><\/p>\n<p><span style=\"color: #000000;\">Luego mencion\u00f3 la inauguraci\u00f3n de una nueva sede de la Direcci\u00f3n de Miner\u00eda en el Polo Tecnol\u00f3gico, con m\u00e1s polic\u00edas mineros y m\u00e1s equipamiento para el control de la actividad.<\/span><\/p>\n<p><span style=\"color: #000000;\">En materia hidrocarbur\u00edfera, asegur\u00f3:<strong><em> \u201cEste a\u00f1o realizamos importantes inversiones en la exploraci\u00f3n y explotaci\u00f3n de yacimientos petrol\u00edferos\u201d<\/em><\/strong>, y mencion\u00f3 los casos de El Sosneado, Loma de la Mina y Vega Grande.<strong><em> \u201cCon inversiones que superaron los 4 millones de d\u00f3lares, buscamos aumentar la producci\u00f3n de petr\u00f3leo y garantizar el suministro energ\u00e9tico a largo plazo\u201d<\/em><\/strong>, puntualiz\u00f3.<\/span><\/p>\n<p><span style=\"color: #000000;\">Mediante el Fondo Especial para el Desarrollo El\u00e9ctrico del Interior, el Gobernador detall\u00f3:<strong><em> \u201cDestinamos a San Rafael 280 millones para llevar electricidad a 44 establecimientos ganaderos. Se trata de 77 kil\u00f3metros de nuevas l\u00edneas el\u00e9ctricas\u201d.<\/em><\/strong><\/span><\/p>\n<p><span style=\"color: #000000;\">Luego, mencion\u00f3 que el Gobierno trabaja en tres proyectos principales, que son la l\u00ednea monofilar retorno por tierra Caj\u00f3n de Mayo y Paraje Los Patos, en Punta del Agua; la electrificaci\u00f3n rural monofilar Paso El Loro y el suministro el\u00e9ctrico a la localidad de Los Parlamentos, en El Sosneado.<\/span><\/p>\n<p><span style=\"color: #000000;\"><strong>Inversiones p\u00fablicas para el sector agropecuario sanrafaelino<\/strong><\/span><\/p>\n<p><span style=\"color: #000000;\">El Gobernador asegur\u00f3 que el sector est\u00e1 entre las prioridades, por lo que mencion\u00f3 que en el Presupuesto 2025 se prev\u00e9 una significativa suma.<strong><em> \u201cDe los 64.791 millones de pesos para el sector en toda la provincia, al Sur se le han asignado m\u00e1s de 23.300 millones de pesos, y solo a San Rafael, m\u00e1s de 14 millones de pesos\u201d.<\/em><\/strong><\/span><\/p>\n<p><span style=\"color: #000000;\">Sobre el costo tributario en Ingresos Brutos para el rubro agricultura, caza, silvicultura y pesca, el mandatario detall\u00f3: <strong><em>\u201cHemos incluido dos alternativas: al\u00edcuota del 0% para contribuyentes cumplidores y al\u00edcuota del 0,75% para contribuyentes no cumplidores\u201d.<\/em><\/strong><\/span><\/p>\n<p><span style=\"color: #000000;\">A modo de ejemplo, explic\u00f3 que <em><strong>\u201csi a los contribuyentes cumplidores se les aplicar\u00e1 una al\u00edcuota 0,75%, la administraci\u00f3n provincial hubiera recaudado 835 millones de pesos adicionales en el a\u00f1o 2023, en pesos corrientes. En pesos de julio de 2024, este valor equivaldr\u00eda a 3.087 millones de la econom\u00eda registrada\u201d.<\/strong><\/em><\/span><\/p>\n<p><span style=\"color: #000000;\">Luego mencion\u00f3 otro de los \u00edtems destacables en este sentido, como son los subsidios del 50% de la tasa para cr\u00e9ditos de tela antigranizo y otros del Fondo de la Transformaci\u00f3n y el Crecimiento.<\/span><\/p>\n<p><span style=\"color: #000000;\">Respecto del Fondo Compensador Agr\u00edcola, Cornejo sostuvo que se modific\u00f3 el modo de atender las contingencias clim\u00e1ticas. <em><strong>\u201cCreemos que llegar al productor en forma directa a trav\u00e9s de un seguro agr\u00edcola con un subsidio del 70% por parte del Estado garantiza la continuidad de la actividad\u201d<\/strong><\/em>, se\u00f1al\u00f3.<\/span><\/p>\n<p><span style=\"color: #000000;\">As\u00ed, asegur\u00f3 que del total de productores adheridos a nivel provincial al Fondo Compensador Agr\u00edcola, 34,7% corresponde a San Rafael.<\/span><\/p>\n<p><span style=\"color: #000000;\">El Gobernador remarc\u00f3 que el programa Enlace sigue avanzando en el departamento al mencionar que<em><strong> \u201chemos mejorado la condici\u00f3n de empleabilidad de 295 personas con una inversi\u00f3n de 113 millones de pesos\u201d.<\/strong> <\/em>Y a\u00f1adi\u00f3 que, en cuanto al programa Enlazados, 498 nuevas personas se han incorporado al trabajo registrado, siendo la inversi\u00f3n de la provincia de m\u00e1s de 673 millones de pesos.\u00a0<\/span><\/p>\n<p><span style=\"color: #000000;\"><em><strong>\u201cEstamos avanzando en los trabajos contra la Lobesia botrana\u201d<\/strong><\/em>, puntualiz\u00f3 Cornejo, y detall\u00f3 que este a\u00f1o comenz\u00f3 a funcionar el puesto de control fitosanitario en Pareditas. <strong><em>\u201cAs\u00ed, Mendoza busca minimizar los riesgos de dispersi\u00f3n de la plaga y resguardar los resultados alcanzados en San Rafael y General Alvear\u201d.<\/em><\/strong><\/span><\/p>\n<p><span style=\"color: #000000;\">Tambi\u00e9n sostuvo que el programa Mendoza Activa contin\u00faa su gesti\u00f3n con m\u00e1s de 30 proyectos activos en las diferentes l\u00edneas en San Rafael, con una inversi\u00f3n de m\u00e1s de 163 millones de pesos.<\/span><\/p>\n<p><span style=\"color: #000000;\">Adem\u00e1s, anunci\u00f3 que se recuper\u00f3 el edificio donde funcionaba el antiguo Casino. <em><strong>\u201cComenzamos la obra para construir dependencias c\u00edvicas que brindar\u00e1n comodidad y le ahorrar\u00e1n mucho tiempo al ciudadano y dinero al Estado\u201d<\/strong><\/em>, y anticip\u00f3 que, en mayo de 2025, el Registro Civil, la Direcci\u00f3n de Personas Jur\u00eddicas y otras dependencias de la DGE pasar\u00e1n a prestar servicio en el edificio renovado. Las obras en ejecuci\u00f3n tienen un presupuesto de 1.600 millones de pesos.<\/span><\/p>\n<p><span style=\"color: #000000;\"><strong>Avances en seguridad p\u00fablica en San Rafael<\/strong><\/span><\/p>\n<p><span style=\"color: #000000;\">Cornejo detall\u00f3 que <em><strong>\u201cla reingenier\u00eda e implementaci\u00f3n del Sstema de Videovigilancia provincial ha avanzado de manera significativa en San Rafael, convirti\u00e9ndose en el primer lugar en adoptar estas mejoras tecnol\u00f3gicas\u201d.\u00a0<\/strong><\/em><\/span><\/p>\n<p><span style=\"color: #000000;\">Uno de los componentes m\u00e1s destacados de este sistema fue la creaci\u00f3n de un Centro de Monitoreo en San Rafael, equipado con tecnolog\u00eda de vanguardia.<\/span><\/p>\n<p><span style=\"color: #000000;\">Adem\u00e1s, el Gobernador anunci\u00f3 que se incorpor\u00f3 un sistema de c\u00e1maras con reconocimiento autom\u00e1tico de patentes en los ingresos al departamento y en las intersecciones. Y puso en valor la implementaci\u00f3n del nuevo sistema de 911 que comenz\u00f3 en el CEO Sur, con la base en San Rafael.\u00a0<\/span><\/p>\n<p><span style=\"color: #000000;\">Luego, destac\u00f3 que se sumaron c\u00e1maras corporales que se integraron al sistema 911 para optimizar la atenci\u00f3n en situaciones cr\u00edticas. As\u00ed, tambi\u00e9n destac\u00f3 la inversi\u00f3n realizada en la instalaci\u00f3n del sistema Tetra en Valle Grande, un \u00e1rea reconocida por su potencial tur\u00edstico. <strong><em>\u201cEste sistema no solo permite la coordinaci\u00f3n operativa de todos los recursos disponibles para emergencias, como patrulleros, ambulancias y bomberos, sino que tambi\u00e9n representa un avance crucial en la mejora de la seguridad y la atenci\u00f3n en la regi\u00f3n\u201d<\/em><\/strong>, afirm\u00f3.<\/span><\/p>\n<p><span style=\"color: #000000;\">Adem\u00e1s, anunci\u00f3 que se ha adquirido equipamiento espec\u00edfico para dotar a todas las ambulancias de San Rafael con equipos de comunicaci\u00f3n Tetra, y que est\u00e1 en marcha un proyecto para el patrullaje integrado en San Rafael, dise\u00f1ado para optimizar la seguridad en todo el departamento.\u00a0<\/span><\/p>\n<p><span style=\"color: #000000;\"><strong>Avances en materia de Educaci\u00f3n<\/strong><\/span><\/p>\n<p><span style=\"color: #000000;\">Cornejo anticip\u00f3 que, a partir del ciclo lectivo 2025, San Rafael contar\u00e1 con las tecnicaturas en gastronom\u00eda, servicios b\u00e1sicos y construcciones livianas, recursos renovables y recursos humanos.<\/span><\/p>\n<p><span style=\"color: #000000;\">Adem\u00e1s, remarc\u00f3 que los centros de capacitaci\u00f3n para el trabajo (CCT) de San Rafael cuentan con m\u00e1s de 30 propuestas de formaci\u00f3n para j\u00f3venes y adultos. Se trata de cursos de formaci\u00f3n profesional y capacitaci\u00f3n laboral orientados a oficios y habilidades que promueven la empleabilidad.<\/span><\/p>\n<p><span style=\"color: #000000;\">El Gobernador anunci\u00f3 que la Escuela 2-026 Nuestra Se\u00f1ora de Luj\u00e1n de ortofon\u00eda y sordos, de San Rafael, tendr\u00e1 edificio propio gracias al trabajo conjunto con el Club de Leones.<\/span><\/p>\n<p><span style=\"color: #000000;\">Continuando con los anuncios de inversi\u00f3n en infraestructura educativa, Cornejo anticip\u00f3: <strong><em>\u201cTenemos previstas hasta fin de a\u00f1o obras por 500 millones de pesos\u201d.<\/em> <\/strong>A lo que sum\u00f3 que, <strong><em>\u201cen lo que va de este 2024, ya intervinimos con reparaciones y trabajos de infraestructura en 180 escuelas\u201d.<\/em><\/strong><\/span><\/p>\n<p><span style=\"color: #000000;\">Tambi\u00e9n asegur\u00f3: <strong><em>\u201cEstamos avanzando en la firma de un convenio con la C\u00e1mara local con el prop\u00f3sito de que los adolescentes alojados en residencias alternativas, pr\u00f3ximos al egreso, puedan realizar pasant\u00edas pagas en diversos comercios e industrias del departamento\u201d.<\/em><\/strong><\/span><\/p>\n<p><span style=\"color: #000000;\"><strong>Salud p\u00fablica<\/strong><\/span><\/p>\n<p><span style=\"color: #000000;\">El Gobernador Cornejo hizo referencia a los servicios de salud mental, y anunci\u00f3: .\u00a0<\/span><em><strong><span style=\"color: #000000;\">\u201cTenemos por primera vez una guardia activa en el Hospital Schestakow\u201d<\/span><\/strong><\/em><span style=\"color: #000000;\">A su vez, se\u00f1al\u00f3 que<strong><em> \u201chemos mejorado la guardia de emergencia y refuncionalizamos el servicio con consultorios externos. Para descomprimir la demanda espont\u00e1nea en el hospital, hemos implementado un anillo de contenci\u00f3n fortaleciendo los Centros de Atenci\u00f3n Primaria de la Salud del Sur\u201d.<\/em><\/strong><\/span><\/p>\n<p><span style=\"color: #000000;\">Agreg\u00f3 adem\u00e1s que el hospital tambi\u00e9n cuenta con un mejor servicio de quir\u00f3fano y sala de recuperaci\u00f3n anest\u00e9sica. En el Servicio de Neonatolog\u00eda, se incorporaron dos incubadoras. En este 2024, tambi\u00e9n vamos a sumar un angi\u00f3grafo a la aparatolog\u00eda del hospital. Tambi\u00e9n puso de relieve que <strong><em>\u201cestamos avanzando en centros de salud provinciales, como los de Villa Atuel, Isla del R\u00edo Diamante, Salto de las Rosas y Barrio Valle Grande\u201d.<\/em><\/strong><\/span><\/p>\n<p><span style=\"color: #000000;\">Sobre el recurso humano del centro asistencial, anunci\u00f3 que el Gobierno provincial incorpor\u00f3 profesionales en \u00e1reas como endocrinolog\u00eda, en la unidad de cuidados cr\u00edticos y quir\u00fargicos y en neumolog\u00eda y <strong><em>\u201cestamos incorporando profesionales para oncolog\u00eda mediante concurso\u201d.<\/em><\/strong><\/span><\/p>\n<p><span style=\"color: #000000;\"><em><strong>\u201cTambi\u00e9n instalamos dos nuevos m\u00f3dulos sanitarios en Real del Padre y en Valle Grande, con una inversi\u00f3n de 146 millones de pesos\u201d<\/strong><\/em>, inform\u00f3.<\/span><\/p>\n<p><span style=\"color: #000000;\">Para finalizar, el Gobernador se dirigi\u00f3 a los sanrafaelinos: <em><strong>\u201cSepan que hay un Gobierno provincial que est\u00e1 enfocado en el desarrollo del Sur mendocino\u201d.<\/strong><\/em><\/span><\/p>\n<p><img decoding=\"async\" src=\"https:\/\/www.mendoza.gov.ar\/wp-content\/uploads\/sites\/5\/2024\/10\/DSC_4844-700x466.jpg\" \/><\/p>\n<h2><span style=\"color: #000000;\"><strong>\u201cEs indispensable constituir en el Sur un polo de desarrollo en energ\u00edas renovables y miner\u00eda sustentable\u201d<\/strong><\/span><\/h2>\n<p><span style=\"color: #000000;\">El <em>presidente de la C\u00e1mara de Comercio, Industria y Agropecuaria de San Rafael<\/em>, <span style=\"color: #003366;\"><strong>Gabriel Brega<\/strong><\/span>, en tanto, sostuvo en su discurso que <em><strong>\u201choy en d\u00eda todos los ciudadanos pedimos a gritos modernizar la gesti\u00f3n p\u00fablica, necesitamos que nos hagan la vida m\u00e1s f\u00e1cil\u201d.<\/strong> <\/em>Y agreg\u00f3 que <em><strong>\u201ctambi\u00e9n es necesario que los privados nos hagamos cargo y nos sumemos con responsabilidad con este desaf\u00edo\u201d.\u00a0<\/strong><\/em><\/span><\/p>\n<p><span style=\"color: #000000;\"><strong><em>\u201cLa misi\u00f3n de esta instituci\u00f3n es representar a las empresas de la regi\u00f3n, impulsar y defender sus actividades, promoviendo el desarrollo sustentable de la comunidad. Es decir, viendo al m\u00e1s all\u00e1\u201d<\/em><\/strong>, asegur\u00f3, y destac\u00f3 que <em><strong>\u201ctanto el Gobernador como la vicegobernadora y todo su equipo han estado a disposici\u00f3n para todos los planteos realizados, incluso cuando hemos encarado un tema que no avanza y necesitamos una urgente soluci\u00f3n, inmediatamente se han puesto a disposici\u00f3n\u201d.\u00a0\u00a0<\/strong><\/em><\/span><\/p>\n<p><span style=\"color: #000000;\">Brega tambi\u00e9n afirm\u00f3 que es indispensable constituir en la regi\u00f3n Sur un polo de desarrollo en energ\u00edas renovables y miner\u00eda sustentable, para dar <em><strong>\u201cnuestro continuo apoyo a estudiar y evaluar proyectos de ejecuci\u00f3n viables que posibiliten el empleo\u201d.<\/strong><\/em><\/span><\/p>\n","protected":false},"excerpt":{"rendered":"<p>El Gobernador particip\u00f3 en el tradicional Almuerzo de las Fuerzas Vivas 2024 de San Rafael. En su discurso, el mandatario puso &#8230;<\/p>\n","protected":false},"author":7,"featured_media":140888,"comment_status":"open","ping_status":"open","sticky":false,"template":"","format":"standard","meta":{"footnotes":""},"categories":[5],"tags":[],"class_list":["post-140887","post","type-post","status-publish","format-standard","has-post-thumbnail","hentry","category-actualidad"],"_links":{"self":[{"href":"https:\/\/vinasfm.com\/noticias\/wp-json\/wp\/v2\/posts\/140887","targetHints":{"allow":["GET"]}}],"collection":[{"href":"https:\/\/vinasfm.com\/noticias\/wp-json\/wp\/v2\/posts"}],"about":[{"href":"https:\/\/vinasfm.com\/noticias\/wp-json\/wp\/v2\/types\/post"}],"author":[{"embeddable":true,"href":"https:\/\/vinasfm.com\/noticias\/wp-json\/wp\/v2\/users\/7"}],"replies":[{"embeddable":true,"href":"https:\/\/vinasfm.com\/noticias\/wp-json\/wp\/v2\/comments?post=140887"}],"version-history":[{"count":1,"href":"https:\/\/vinasfm.com\/noticias\/wp-json\/wp\/v2\/posts\/140887\/revisions"}],"predecessor-version":[{"id":140889,"href":"https:\/\/vinasfm.com\/noticias\/wp-json\/wp\/v2\/posts\/140887\/revisions\/140889"}],"wp:featuredmedia":[{"embeddable":true,"href":"https:\/\/vinasfm.com\/noticias\/wp-json\/wp\/v2\/media\/140888"}],"wp:attachment":[{"href":"https:\/\/vinasfm.com\/noticias\/wp-json\/wp\/v2\/media?parent=140887"}],"wp:term":[{"taxonomy":"category","embeddable":true,"href":"https:\/\/vinasfm.com\/noticias\/wp-json\/wp\/v2\/categories?post=140887"},{"taxonomy":"post_tag","embeddable":true,"href":"https:\/\/vinasfm.com\/noticias\/wp-json\/wp\/v2\/tags?post=140887"}],"curies":[{"name":"wp","href":"https:\/\/api.w.org\/{rel}","templated":true}]}}