{"id":140884,"date":"2024-10-24T18:56:08","date_gmt":"2024-10-24T21:56:08","guid":{"rendered":"https:\/\/vinasfm.com\/noticias\/?p=140884"},"modified":"2024-10-25T10:17:08","modified_gmt":"2024-10-25T13:17:08","slug":"el-sport-club-pacifico-sufrio-un-robo-en-sus-instalaciones","status":"publish","type":"post","link":"https:\/\/vinasfm.com\/noticias\/el-sport-club-pacifico-sufrio-un-robo-en-sus-instalaciones\/","title":{"rendered":"EL SPORT CLUB PAC\u00cdFICO SUFRI\u00d3 UN ROBO EN SUS INSTALACIONES"},"content":{"rendered":"<h4><span style=\"color: #000000;\">La noticia la dieron a conocer desde la instituci\u00f3n por medio de un comunicado.\u00a0<\/span><\/h4>\n<p><span style=\"color: #000000;\">El hecho se registr\u00f3 en la madrugada de este jueves y, seg\u00fan dieron a conocer, delincuentes vandalizaron las instalaciones y sustrajeron distintos elementos. En el mismo posteo, la direcci\u00f3n del Sport Club Pac\u00edfico agradeci\u00f3 el accionar del personal policial.\u00a0<\/span><\/p>\n<p><span style=\"color: #000000;\"><em>\u00abDesde el Sport Club Pac\u00edfico, queremos expresar nuestro <strong>m\u00e1s sincero agradecimiento a la Polic\u00eda de General Alvear, Mendoza, por el trabajo profesional y diligente realizado en nuestra instituci\u00f3n\u00bb, <\/strong><\/em>inicia el comunicado. \u00ab<em>Durante la madrugada de este jueves, lamentablemente, p<strong>ersonas que no son aptas para vivir en sociedad vandalizaron nuestras instalaciones, rompiendo puertas y candados, cortando la electricidad y sustrajeron una bomba de agua, entre otros objetos\u00bb,<\/strong><\/em> relataron.<\/span><\/p>\n<p><span style=\"color: #000000;\">Luego, destacaron el trabajo de las fuerzas policiales <strong>\u00ab<\/strong><em><strong>quienes est\u00e1n trabajando en l\u00edneas investigativas firmes sobre los posibles autores de este acto delictivo\u00bb<\/strong>. As\u00ed mismo, anunciaron que \u00abgracias al esfuerzo investigativo, <strong>hemos podido recuperar los elementos robados, que ya se encuentran nuevamente en nuestra instituci\u00f3n\u00bb.<\/strong><\/em><\/span><\/p>\n<p><span style=\"color: #000000;\"><em>\u00abDesde la comisi\u00f3n directiva del club, instamos a todos a comprometernos con nuestra comunidad y nuestras instituciones. <strong>Los clubes deportivos realizan un gran esfuerzo diario para mantener y ofrecer un espacio seguro y enriquecedor para los ni\u00f1os y deportistas que utilizan nuestras instalaciones\u00bb<\/strong>, <\/em>cierra el texto publicado en el perfil de Facebook de la instituci\u00f3n.\u00a0<\/span><\/p>\n","protected":false},"excerpt":{"rendered":"<p>La noticia la dieron a conocer desde la instituci\u00f3n por medio de un comunicado.\u00a0 El hecho se registr\u00f3 en la madrugada &#8230;<\/p>\n","protected":false},"author":7,"featured_media":140885,"comment_status":"open","ping_status":"open","sticky":false,"template":"","format":"standard","meta":{"footnotes":""},"categories":[201,4],"tags":[],"class_list":["post-140884","post","type-post","status-publish","format-standard","has-post-thumbnail","hentry","category-inseguridad","category-policiales"],"_links":{"self":[{"href":"https:\/\/vinasfm.com\/noticias\/wp-json\/wp\/v2\/posts\/140884","targetHints":{"allow":["GET"]}}],"collection":[{"href":"https:\/\/vinasfm.com\/noticias\/wp-json\/wp\/v2\/posts"}],"about":[{"href":"https:\/\/vinasfm.com\/noticias\/wp-json\/wp\/v2\/types\/post"}],"author":[{"embeddable":true,"href":"https:\/\/vinasfm.com\/noticias\/wp-json\/wp\/v2\/users\/7"}],"replies":[{"embeddable":true,"href":"https:\/\/vinasfm.com\/noticias\/wp-json\/wp\/v2\/comments?post=140884"}],"version-history":[{"count":1,"href":"https:\/\/vinasfm.com\/noticias\/wp-json\/wp\/v2\/posts\/140884\/revisions"}],"predecessor-version":[{"id":140886,"href":"https:\/\/vinasfm.com\/noticias\/wp-json\/wp\/v2\/posts\/140884\/revisions\/140886"}],"wp:featuredmedia":[{"embeddable":true,"href":"https:\/\/vinasfm.com\/noticias\/wp-json\/wp\/v2\/media\/140885"}],"wp:attachment":[{"href":"https:\/\/vinasfm.com\/noticias\/wp-json\/wp\/v2\/media?parent=140884"}],"wp:term":[{"taxonomy":"category","embeddable":true,"href":"https:\/\/vinasfm.com\/noticias\/wp-json\/wp\/v2\/categories?post=140884"},{"taxonomy":"post_tag","embeddable":true,"href":"https:\/\/vinasfm.com\/noticias\/wp-json\/wp\/v2\/tags?post=140884"}],"curies":[{"name":"wp","href":"https:\/\/api.w.org\/{rel}","templated":true}]}}