{"id":140876,"date":"2024-10-24T18:41:38","date_gmt":"2024-10-24T21:41:38","guid":{"rendered":"https:\/\/vinasfm.com\/noticias\/?p=140876"},"modified":"2024-10-25T10:17:22","modified_gmt":"2024-10-25T13:17:22","slug":"flor-de-la-jarilla-llega-la-segunda-edicion-del-festival-ambiental","status":"publish","type":"post","link":"https:\/\/vinasfm.com\/noticias\/flor-de-la-jarilla-llega-la-segunda-edicion-del-festival-ambiental\/","title":{"rendered":"\u201cFLOR DE LA JARILLA\u201d: LLEGA LA SEGUNDA EDICI\u00d3N DEL FESTIVAL AMBIENTAL"},"content":{"rendered":"<h4><span style=\"color: #000000;\">Tendr\u00e1 lugar el pr\u00f3ximo 1 de noviembre, en la plaza Carlos Mar\u00eda de Alvear. Esta edici\u00f3n contar\u00e1 con la participaci\u00f3n de instituciones p\u00fablicas y privadas.<\/span><\/h4>\n<p><span style=\"color: #000000;\">Fue el <em>asesor de Gesti\u00f3n Ambiental<\/em>, <strong>Denis Rabanal<\/strong>, el encargado de anunciar el II Festival Ambiental de General Alvear. <em><strong>\u201cEn esta oportunidad seguiremos con la impronta del a\u00f1o pasado, incorporando la participaci\u00f3n de instituciones \u00a0privadas que expondr\u00e1n las acciones ambientales que han llevado adelante durante todo el a\u00f1o\u201d.<\/strong><\/em><\/span><\/p>\n<p><span style=\"color: #000000;\">El festival denominado <em>\u201cFlor de la Jarilla\u201d<\/em> busca la promoci\u00f3n de pr\u00e1cticas sostenibles y acciones vinculadas al cuidado del ambiente. Seg\u00fan Rabanal, hasta el momento hay 41 proyectos inscriptos, con la participaci\u00f3n de 871 personas.<strong> \u201cNos van a visitar la empresa DH-SH de Santa Fe, la Comisi\u00f3n de Energ\u00eda At\u00f3mica y alumnos de la Escuela Secundaria T\u00e9cnica Industrial y Minera\u00a0 (ESTIM) de Malarg\u00fce\u00bb.<\/strong><\/span><\/p>\n<p><img decoding=\"async\" src=\"https:\/\/encrypted-tbn0.gstatic.com\/images?q=tbn:ANd9GcSPxjJiq3SHpNnpmXXEWos2yU8t32_fmVFCZQ&amp;s\" alt=\"Fm Always Radio General Alvear | II Festival Ambiental &quot;Flor de la Jarilla&quot; Viernes 1 de noviembre Plaza Departamental Link de inscripci\u00f3n para expositores: bit.ly\/3U0Q8ry | Instagram\" \/><\/p>\n<p><span style=\"color: #000000;\">El evento que tendr\u00e1 lugar el d\u00eda viernes, 1 de octubre, en la Plaza Carlos Mar\u00eda de Alvear tendr\u00e1 inicio a las 09:00 horas y se extender\u00e1 hasta las 12:00. En el mismo se har\u00e1 la entrega de premios a las 3 escuelas ganadoras del concurso Alvear M\u00e1s Limpio. Por otro lado, es importante destacar que todav\u00eda hay tiempo de inscribirse hasta el lunes 28 de octubre, interesados pueden acudir a la oficina de la Asesor\u00eda de Gesti\u00f3n Ambiental (Roca y Paso de Los Andes).<\/span><\/p>\n","protected":false},"excerpt":{"rendered":"<p>Tendr\u00e1 lugar el pr\u00f3ximo 1 de noviembre, en la plaza Carlos Mar\u00eda de Alvear. Esta edici\u00f3n contar\u00e1 con la participaci\u00f3n de &#8230;<\/p>\n","protected":false},"author":7,"featured_media":140882,"comment_status":"open","ping_status":"open","sticky":false,"template":"","format":"standard","meta":{"footnotes":""},"categories":[192,11],"tags":[],"class_list":["post-140876","post","type-post","status-publish","format-standard","has-post-thumbnail","hentry","category-gestion-ambiental","category-sociales"],"_links":{"self":[{"href":"https:\/\/vinasfm.com\/noticias\/wp-json\/wp\/v2\/posts\/140876","targetHints":{"allow":["GET"]}}],"collection":[{"href":"https:\/\/vinasfm.com\/noticias\/wp-json\/wp\/v2\/posts"}],"about":[{"href":"https:\/\/vinasfm.com\/noticias\/wp-json\/wp\/v2\/types\/post"}],"author":[{"embeddable":true,"href":"https:\/\/vinasfm.com\/noticias\/wp-json\/wp\/v2\/users\/7"}],"replies":[{"embeddable":true,"href":"https:\/\/vinasfm.com\/noticias\/wp-json\/wp\/v2\/comments?post=140876"}],"version-history":[{"count":6,"href":"https:\/\/vinasfm.com\/noticias\/wp-json\/wp\/v2\/posts\/140876\/revisions"}],"predecessor-version":[{"id":140901,"href":"https:\/\/vinasfm.com\/noticias\/wp-json\/wp\/v2\/posts\/140876\/revisions\/140901"}],"wp:featuredmedia":[{"embeddable":true,"href":"https:\/\/vinasfm.com\/noticias\/wp-json\/wp\/v2\/media\/140882"}],"wp:attachment":[{"href":"https:\/\/vinasfm.com\/noticias\/wp-json\/wp\/v2\/media?parent=140876"}],"wp:term":[{"taxonomy":"category","embeddable":true,"href":"https:\/\/vinasfm.com\/noticias\/wp-json\/wp\/v2\/categories?post=140876"},{"taxonomy":"post_tag","embeddable":true,"href":"https:\/\/vinasfm.com\/noticias\/wp-json\/wp\/v2\/tags?post=140876"}],"curies":[{"name":"wp","href":"https:\/\/api.w.org\/{rel}","templated":true}]}}