{"id":140871,"date":"2024-10-24T10:40:48","date_gmt":"2024-10-24T13:40:48","guid":{"rendered":"https:\/\/vinasfm.com\/noticias\/?p=140871"},"modified":"2024-10-25T10:17:39","modified_gmt":"2024-10-25T13:17:39","slug":"reencuentro-de-industrias-creativas-un-espacio-para-fortalecer-el-sector-cultural-y-emprendedor","status":"publish","type":"post","link":"https:\/\/vinasfm.com\/noticias\/reencuentro-de-industrias-creativas-un-espacio-para-fortalecer-el-sector-cultural-y-emprendedor\/","title":{"rendered":"REENCUENTRO DE INDUSTRIAS CREATIVAS: UN ESPACIO PARA FORTALECER EL SECTOR CULTURAL Y EMPRENDEDOR"},"content":{"rendered":"<h4><span style=\"color: #000000;\">Del encuentro participaron el director de Industrias Creativas, Sebasti\u00e1n Ladr\u00f3n de Guevara, y la capacitadora y dise\u00f1adora industrial Jimena Caballero, autora del libro C\u00f3mo emprender en las industrias culturales y creativas.<\/span><\/h4>\n<p><span style=\"color: #000000;\">Los<em> Reencuentros de las Industrias Creativas en el Sur provincial<\/em> son organizados entre la <strong>Subsecretar\u00eda de Cultura<\/strong> provincial, dependiente del <strong>Ministerio de Educaci\u00f3n, Cultura, Infancias y DGE<\/strong>, y las<strong> direcciones de Cultura de los municipios de Malarg\u00fce, San Rafael y General Alvear, a trav\u00e9s de la Direcci\u00f3n de Industrias Creativas.<\/strong><\/span><\/p>\n<p><span style=\"color: #000000;\">La <em>directora de Cultura del Municipio<\/em>, <span style=\"color: #003366;\"><strong>Mar\u00eda Delia Achetoni<\/strong><\/span>, destac\u00f3 la presencia del director de Industrias Creativas y de Jimena Caballero; <em><strong>\u201cvienen a dar esta charla para todos los emprendedores art\u00edsticos, para todos los artistas que llevamos adelante y que trabajamos lo que tiene que ver con el arte y la cultura y que a veces no sabemos c\u00f3mo desarrollar nuestro trabajo y nuestra tarea.\u201d<\/strong><\/em><\/span><\/p>\n<p><span style=\"color: #000000;\"><span style=\"color: #003366;\"><strong>Sebasti\u00e1n Ladr\u00f3n de Guevara<\/strong><\/span>, <em>director de Industrias Creativas<\/em>, destac\u00f3 la importancia de esta iniciativa como parte de un esfuerzo m\u00e1s amplio que recorre toda la provincia. <strong><em>\u201cEstamos desarrollando en el sur de la provincia el mapeo cultural, as\u00ed que invito a todos los emprendedores y emprendedoras creativos y culturales de Alvear a completar el mapeo para tener evidencia para futuras pol\u00edticas p\u00fablicas conjuntas entre Alvear y la provincia\u201d.<\/em><\/strong><\/span><\/p>\n<p><span style=\"color: #000000;\">Adem\u00e1s, Ladr\u00f3n de Guevara explic\u00f3 acerca de las principales falencias que tiene el sector de la cultura, <em><strong>\u201ca veces no suelen manejar bien el tema de los presupuestos, el tema del manejo de recursos, el tema de la gesti\u00f3n del tiempo, porque a veces en las mismas carreras acad\u00e9micas no se forman esos aspectos\u201d.<\/strong><\/em><\/span><\/p>\n<p><span style=\"color: #000000;\"><em><strong>\u201cLa idea de estos encuentros es llevar herramientas para fortalecer esa otra parte tan necesaria para que tenga vida y para que prospere muchos de los proyectos autogestivos que tienen que ver con el sector cultural\u201d<\/strong><\/em>, concluy\u00f3 Ladr\u00f3n de Guevara.<\/span><\/p>\n","protected":false},"excerpt":{"rendered":"<p>Del encuentro participaron el director de Industrias Creativas, Sebasti\u00e1n Ladr\u00f3n de Guevara, y la capacitadora y dise\u00f1adora industrial Jimena Caballero, autora &#8230;<\/p>\n","protected":false},"author":7,"featured_media":140873,"comment_status":"open","ping_status":"open","sticky":false,"template":"","format":"standard","meta":{"footnotes":""},"categories":[19,195],"tags":[],"class_list":["post-140871","post","type-post","status-publish","format-standard","has-post-thumbnail","hentry","category-cultura","category-emprendedores-2"],"_links":{"self":[{"href":"https:\/\/vinasfm.com\/noticias\/wp-json\/wp\/v2\/posts\/140871","targetHints":{"allow":["GET"]}}],"collection":[{"href":"https:\/\/vinasfm.com\/noticias\/wp-json\/wp\/v2\/posts"}],"about":[{"href":"https:\/\/vinasfm.com\/noticias\/wp-json\/wp\/v2\/types\/post"}],"author":[{"embeddable":true,"href":"https:\/\/vinasfm.com\/noticias\/wp-json\/wp\/v2\/users\/7"}],"replies":[{"embeddable":true,"href":"https:\/\/vinasfm.com\/noticias\/wp-json\/wp\/v2\/comments?post=140871"}],"version-history":[{"count":1,"href":"https:\/\/vinasfm.com\/noticias\/wp-json\/wp\/v2\/posts\/140871\/revisions"}],"predecessor-version":[{"id":140872,"href":"https:\/\/vinasfm.com\/noticias\/wp-json\/wp\/v2\/posts\/140871\/revisions\/140872"}],"wp:featuredmedia":[{"embeddable":true,"href":"https:\/\/vinasfm.com\/noticias\/wp-json\/wp\/v2\/media\/140873"}],"wp:attachment":[{"href":"https:\/\/vinasfm.com\/noticias\/wp-json\/wp\/v2\/media?parent=140871"}],"wp:term":[{"taxonomy":"category","embeddable":true,"href":"https:\/\/vinasfm.com\/noticias\/wp-json\/wp\/v2\/categories?post=140871"},{"taxonomy":"post_tag","embeddable":true,"href":"https:\/\/vinasfm.com\/noticias\/wp-json\/wp\/v2\/tags?post=140871"}],"curies":[{"name":"wp","href":"https:\/\/api.w.org\/{rel}","templated":true}]}}