{"id":140865,"date":"2024-10-24T10:13:19","date_gmt":"2024-10-24T13:13:19","guid":{"rendered":"https:\/\/vinasfm.com\/noticias\/?p=140865"},"modified":"2024-10-25T10:17:55","modified_gmt":"2024-10-25T13:17:55","slug":"el-presidente-del-ipv-dio-detalles-sobre-la-ley-9571-una-nueva-oportunidad-para-adjudicatarios","status":"publish","type":"post","link":"https:\/\/vinasfm.com\/noticias\/el-presidente-del-ipv-dio-detalles-sobre-la-ley-9571-una-nueva-oportunidad-para-adjudicatarios\/","title":{"rendered":"EL PRESIDENTE DEL IPV DIO DETALLES SOBRE LA LEY 9571, UNA NUEVA OPORTUNIDAD PARA ADJUDICATARIOS"},"content":{"rendered":"<h4><span style=\"color: #000000;\">Con el objetivo de sanear la cartera de cr\u00e9ditos m\u00e1s antiguos que posee el organismo de vivienda provincial, en agosto de este a\u00f1o se sancion\u00f3 esta norma que modific\u00f3 a la Ley 9378 en cuanto a plazos y alcance.<\/span><\/h4>\n<p><span style=\"color: #000000;\">Gustavo Cantero, presidente del Instituto Provincial de la Vivienda, explic\u00f3 que<strong><em> \u201cla ley original, sancionada en 2022, ha sido efectiva en la regularizaci\u00f3n y escrituraci\u00f3n de viviendas adjudicadas bajo una realidad econ\u00f3mica diferente. Con esta nueva norma podremos incluir cr\u00e9ditos que no fueron contemplados anteriormente, con el fin de ajustar la cartera del IPV a una situaci\u00f3n m\u00e1s manejable y mejorar el recupero de cr\u00e9ditos\u201d.<\/em><\/strong><\/span><\/p>\n<p><span style=\"color: #000000;\">Gracias a la implementaci\u00f3n de esta primera ley, en dos a\u00f1os, m\u00e1s de 21.000 adjudicatarios cancelaron su deuda. Esto le permiti\u00f3 al organismo recaudar alrededor de \u00a0$370.000.000 y reducir significativamente la cartera crediticia. Como saldo de esta iniciativa, la cartera del IPV se redujo 62%.<\/span><\/p>\n<p><span style=\"color: #000000;\"><em><strong>\u201cHoy tratamos de gestionar una cartera con cr\u00e9ditos muy antiguos que se dieron en un contexto socioecon\u00f3mico totalmente distinto al que transitamos en la actualidad\u201d<\/strong><\/em>, manifest\u00f3 el funcionario y sostuvo <em><strong>\u201cse busca trabajar en beneficio de los fondos provinciales, reduciendo el gasto y trasladando correctamente a nuevas operatorias\u201d.<\/strong><\/em><\/span><\/p>\n<p><span style=\"color: #000000;\">Seg\u00fan la Ley 9571, <strong>los beneficios por cancelaci\u00f3n anticipada ahora incluyen a aquellos adjudicatarios de cr\u00e9ditos, viviendas o soluciones habitacionales cuyo recupero se inici\u00f3 hasta el 30 de noviembre de 2017.<\/strong><\/span><\/p>\n<p><span style=\"color: #000000;\">De esta manera, unos 23.200 adjudicatarios podr\u00e1n saldar su deuda con el IPV con los descuentos determinados seg\u00fan el saldo cancelatorio de cada caso. Este n\u00famero representa 72% de la actual cartera del organismo.<\/span><\/p>\n<p><span style=\"color: #000000;\"><em><strong>\u201cNecesitamos una responsabilidad social de acuerdo a los nuevos beneficios. Pedimos que los ciudadanos se acerquen al IPV para que podamos analizar su situaci\u00f3n y poder darles una soluci\u00f3n acorde a sus ingresos\u201d<\/strong><\/em>, resolvi\u00f3 Cantero.<\/span><\/p>\n<p><img decoding=\"async\" src=\"https:\/\/www.mendoza.gov.ar\/wp-content\/uploads\/sites\/5\/2024\/10\/Cancela-tu-casa-700x343.png\" \/><\/p>\n<h2><span style=\"color: #000000;\"><strong>C\u00f3mo acceder a la cancelaci\u00f3n anticipada<\/strong><\/span><\/h2>\n<p><span style=\"color: #000000;\">Para comprobar cu\u00e1les de los beneficios corresponden en cada caso, la persona interesada puede ingresar en<\/span>\u00a0<a href=\"http:\/\/www.ipvmendoza.gov.ar\/nuevos-beneficios\/\">www.ipvmendoza.gov.ar\/nuevos-beneficios\/<\/a>\u00a0<span style=\"color: #000000;\">All\u00ed podr\u00e1 descargar la boleta con los descuentos correspondientes ya aplicados o visualizar si la vivienda ya ha sido cancelada.<\/span><\/p>\n<p><span style=\"color: #000000;\">En todos los casos, los usuarios podr\u00e1n obtener el certificado de vivienda cancelada a trav\u00e9s de la Oficina Virtual, en la opci\u00f3n de Tr\u00e1mites del Adjudicatario.<\/span><\/p>\n<p><span style=\"color: #000000;\">Es importante aclarar que ese certificado podr\u00e1 solicitarse despu\u00e9s de 72 horas de realizado el pago y podr\u00e1 ser enviado hasta 60 d\u00edas posteriores a la cancelaci\u00f3n. Una vez obtenido el certificado, las personas interesadas podr\u00e1n iniciar el tr\u00e1mite de escrituraci\u00f3n, en los casos que correspondan, mediante la Oficina Virtual.<\/span><\/p>\n<p><span style=\"color: #000000;\">Para m\u00e1s consultas, contactarse a trav\u00e9s del\u00a0<em><span style=\"color: #339966;\">WhatsApp<\/span>\u00a0<\/em><span style=\"color: #3366ff;\"><strong>261 3062234<\/strong><\/span> de 08:00 a 13:30 horas.<\/span><\/p>\n","protected":false},"excerpt":{"rendered":"<p>Con el objetivo de sanear la cartera de cr\u00e9ditos m\u00e1s antiguos que posee el organismo de vivienda provincial, en agosto de &#8230;<\/p>\n","protected":false},"author":7,"featured_media":140868,"comment_status":"open","ping_status":"open","sticky":false,"template":"","format":"standard","meta":{"footnotes":""},"categories":[10,67],"tags":[],"class_list":["post-140865","post","type-post","status-publish","format-standard","has-post-thumbnail","hentry","category-destacadas","category-ipv"],"_links":{"self":[{"href":"https:\/\/vinasfm.com\/noticias\/wp-json\/wp\/v2\/posts\/140865","targetHints":{"allow":["GET"]}}],"collection":[{"href":"https:\/\/vinasfm.com\/noticias\/wp-json\/wp\/v2\/posts"}],"about":[{"href":"https:\/\/vinasfm.com\/noticias\/wp-json\/wp\/v2\/types\/post"}],"author":[{"embeddable":true,"href":"https:\/\/vinasfm.com\/noticias\/wp-json\/wp\/v2\/users\/7"}],"replies":[{"embeddable":true,"href":"https:\/\/vinasfm.com\/noticias\/wp-json\/wp\/v2\/comments?post=140865"}],"version-history":[{"count":1,"href":"https:\/\/vinasfm.com\/noticias\/wp-json\/wp\/v2\/posts\/140865\/revisions"}],"predecessor-version":[{"id":140869,"href":"https:\/\/vinasfm.com\/noticias\/wp-json\/wp\/v2\/posts\/140865\/revisions\/140869"}],"wp:featuredmedia":[{"embeddable":true,"href":"https:\/\/vinasfm.com\/noticias\/wp-json\/wp\/v2\/media\/140868"}],"wp:attachment":[{"href":"https:\/\/vinasfm.com\/noticias\/wp-json\/wp\/v2\/media?parent=140865"}],"wp:term":[{"taxonomy":"category","embeddable":true,"href":"https:\/\/vinasfm.com\/noticias\/wp-json\/wp\/v2\/categories?post=140865"},{"taxonomy":"post_tag","embeddable":true,"href":"https:\/\/vinasfm.com\/noticias\/wp-json\/wp\/v2\/tags?post=140865"}],"curies":[{"name":"wp","href":"https:\/\/api.w.org\/{rel}","templated":true}]}}