{"id":140855,"date":"2024-10-24T09:30:24","date_gmt":"2024-10-24T12:30:24","guid":{"rendered":"https:\/\/vinasfm.com\/noticias\/?p=140855"},"modified":"2024-10-25T10:18:16","modified_gmt":"2024-10-25T13:18:16","slug":"fenix-llego-a-francia-para-ser-parte-de-la-sial-paris-2024","status":"publish","type":"post","link":"https:\/\/vinasfm.com\/noticias\/fenix-llego-a-francia-para-ser-parte-de-la-sial-paris-2024\/","title":{"rendered":"F\u00c9NIX LLEG\u00d3 A FRANCIA PARA SER PARTE DE LA SIAL PAR\u00cdS 2024"},"content":{"rendered":"<h4><span style=\"color: #000000;\">La feria internacional que re\u00fane a las empresas m\u00e1s importantes del sector agroalimentario se desarroll\u00f3 del 19 al 23 de octubre, en Francia.<\/span><\/h4>\n<p><span style=\"color: #000000;\">En comunicaci\u00f3n telef\u00f3nica, <span style=\"color: #003366;\"><strong>Germ\u00e1n Per\u00f3n<\/strong> <\/span>de la firma <span style=\"color: #008000;\"><strong>F\u00e9nix S.A<\/strong><\/span>., destac\u00f3 que <strong><em>\u201ces un evento muy importante en donde se re\u00fanen grandes empresas y se da a lugar a negocios muy importantes que permiten el crecimiento empresarial\u201d.<\/em><\/strong> Y es que la SIAL Par\u00eds 2024 ha reunido a m\u00e1s de 7.000 exhibidores distribuidos en distintos pabellones.<\/span><\/p>\n<p><span style=\"color: #000000;\"><em><strong>\u201cNos han visitado personas que son clientes de F\u00e9nix, pero tambi\u00e9n nuevas personas con las que hemos podido establecer conversaciones muy interesantes\u201d<\/strong><\/em>, manifest\u00f3 el empresario alvearense destacando <\/span><strong><em>\u201cestas ferias permiten generar contactos que se transforman en potenciales clientes\u201d. <\/em><\/strong><span style=\"color: #000000;\">Es importante destacar que los jugos Zummy, producto estrella de la empresa de origen alvearense, hoy forman parte de la cadena de comidas r\u00e1pidas McDonal\u00b4s.<\/span><\/p>\n<p><span style=\"color: #000000;\">Germ\u00e1n y Mariano Per\u00f3n no sol los \u00fanicos alvearenses presentes en la SIAL Par\u00eds 2024, puesto que los empresarios <span style=\"color: #003366;\"><strong>Germ\u00e1n Labay<\/strong><\/span> y <span style=\"color: #003366;\"><strong>Carlos Ponce<\/strong><\/span> tambi\u00e9n se encuentran en feria internacional. <em><strong>\u00a0\u201cAfortunadamente, las empresas de Argentina tienen una buena posici\u00f3n en los pabellones, lo que permite dar a conocer la industria nacional\u201d<\/strong><\/em>, celebr\u00f3 el empresario y se\u00f1al\u00f3 que <em><strong>\u201choy el mayor desaf\u00edo que afrontamos son los aranceles que nos ponen en desventaja al momento de competir con pa\u00edses lim\u00edtrofes\u201d.<\/strong><\/em><\/span><\/p>\n<p><span style=\"color: #000000;\">\u00a0La feria se celebra cada dos a\u00f1os y est\u00e1 dirigida a un p\u00fablico exclusivamente profesional.\u00a0<strong>Exponer en SIAL Paris permite establecer relaciones con compradores, importadores y distribuidores de los principales canales de compra de alimentos y bebidas de Francia y del resto de Europa.<\/strong>\u00a0Adem\u00e1s, es el punto de encuentro obligado para importadores y compradores que buscan consolidar sus v\u00ednculos comerciales en la regi\u00f3n de Medio Oriente, Asia y \u00c1frica.<\/span><\/p>\n","protected":false},"excerpt":{"rendered":"<p>La feria internacional que re\u00fane a las empresas m\u00e1s importantes del sector agroalimentario se desarroll\u00f3 del 19 al 23 de octubre, &#8230;<\/p>\n","protected":false},"author":7,"featured_media":140858,"comment_status":"open","ping_status":"open","sticky":false,"template":"","format":"standard","meta":{"footnotes":""},"categories":[5,10],"tags":[],"class_list":["post-140855","post","type-post","status-publish","format-standard","has-post-thumbnail","hentry","category-actualidad","category-destacadas"],"_links":{"self":[{"href":"https:\/\/vinasfm.com\/noticias\/wp-json\/wp\/v2\/posts\/140855","targetHints":{"allow":["GET"]}}],"collection":[{"href":"https:\/\/vinasfm.com\/noticias\/wp-json\/wp\/v2\/posts"}],"about":[{"href":"https:\/\/vinasfm.com\/noticias\/wp-json\/wp\/v2\/types\/post"}],"author":[{"embeddable":true,"href":"https:\/\/vinasfm.com\/noticias\/wp-json\/wp\/v2\/users\/7"}],"replies":[{"embeddable":true,"href":"https:\/\/vinasfm.com\/noticias\/wp-json\/wp\/v2\/comments?post=140855"}],"version-history":[{"count":1,"href":"https:\/\/vinasfm.com\/noticias\/wp-json\/wp\/v2\/posts\/140855\/revisions"}],"predecessor-version":[{"id":140857,"href":"https:\/\/vinasfm.com\/noticias\/wp-json\/wp\/v2\/posts\/140855\/revisions\/140857"}],"wp:featuredmedia":[{"embeddable":true,"href":"https:\/\/vinasfm.com\/noticias\/wp-json\/wp\/v2\/media\/140858"}],"wp:attachment":[{"href":"https:\/\/vinasfm.com\/noticias\/wp-json\/wp\/v2\/media?parent=140855"}],"wp:term":[{"taxonomy":"category","embeddable":true,"href":"https:\/\/vinasfm.com\/noticias\/wp-json\/wp\/v2\/categories?post=140855"},{"taxonomy":"post_tag","embeddable":true,"href":"https:\/\/vinasfm.com\/noticias\/wp-json\/wp\/v2\/tags?post=140855"}],"curies":[{"name":"wp","href":"https:\/\/api.w.org\/{rel}","templated":true}]}}