{"id":140814,"date":"2024-10-23T10:02:46","date_gmt":"2024-10-23T13:02:46","guid":{"rendered":"https:\/\/vinasfm.com\/noticias\/?p=140814"},"modified":"2024-10-23T12:23:03","modified_gmt":"2024-10-23T15:23:03","slug":"una-nueva-reunion-informativa-por-la-lucha-antigranizo-tuvo-lugar-en-bowen","status":"publish","type":"post","link":"https:\/\/vinasfm.com\/noticias\/una-nueva-reunion-informativa-por-la-lucha-antigranizo-tuvo-lugar-en-bowen\/","title":{"rendered":"UNA NUEVA REUNI\u00d3N INFORMATIVA POR LA LUCHA ANTIGRANIZO TUVO LUGAR EN BOWEN"},"content":{"rendered":"<h4><span style=\"color: #000000;\">Productores e industriales se reunieron en el distrito del Este.<\/span><\/h4>\n<p><span style=\"color: #000000;\">Presente en el <strong>Sal\u00f3n COSPAC<\/strong>, el <span style=\"color: #003366;\"><strong>Sr. Intendente Alejandro Molero<\/strong><\/span> se\u00f1al\u00f3 que<em><strong> \u201cresulta conveniente que, m\u00e1s all\u00e1 de lo que trasciende en los distintos medios de comunicaci\u00f3n, los productores e industriales tengan la oportunidad de hacer preguntas e interiorizarse sobre este proceso\u201d.<\/strong><\/em> El d\u00eda viernes, 25 de octubre, se realizar\u00e1 la apertura de sobre para la licitaci\u00f3n del Sistema de Lucha Antigranizo en el Sur mendocino, siendo un paso muy importante.<\/span><\/p>\n<p><span style=\"color: #000000;\">Consultado, Molero se\u00f1al\u00f3 que<em><strong> \u201cse dieron a conocer las 5 empresas que est\u00e1n en pugna por llevar adelante la Lucha Antigranizo y hemos profundizado en los detalles y pormenores de este proceso\u201d.<\/strong><\/em><\/span><\/p>\n<p><span style=\"color: #000000;\">Una vez que se conozca la empresa que gane la licitaci\u00f3n, comienza la etapa m\u00e1s importante: la Lucha Activa.<strong><em> \u201cEl Municipio de General Alvear, mediante un comodato por parte del Gobierno Provincial, tiene en su poder tres aeronaves. La idea es que dos de ellas operen activamente durante las tormentas y, la restante, est\u00e9 a disposici\u00f3n en caso de alguna de las aviones presente inconvenientes\u201d.<\/em><\/strong><\/span><\/p>\n<p><span style=\"color: #000000;\">Por su parte, <em>el productor<\/em> <span style=\"color: #003366;\"><strong>Mauricio Cargnelutti<\/strong><\/span> explic\u00f3 que<strong><em> \u201cel d\u00eda 25 se abrir\u00e1n los pliegos y, a partir de ese momento, cuentan con 48 horas para decidir a qu\u00e9 empresa contratar. En los pr\u00f3ximos 10 d\u00edas la empresa ganadora debe alistarse para comenzar a operar\u201d.<\/em> <\/strong>Adem\u00e1s, el industrial se\u00f1al\u00f3 que <em><strong>\u201cluego de 15 meses y una vez que se determine que la Lucha Antigranizo tiene resultados favorables en el Oasis Sur, buscaremos que la Provincia se haga cargo del financiamiento\u201d.<\/strong><\/em><\/span><\/p>\n","protected":false},"excerpt":{"rendered":"<p>Productores e industriales se reunieron en el distrito del Este. Presente en el Sal\u00f3n COSPAC, el Sr. Intendente Alejandro Molero se\u00f1al\u00f3 &#8230;<\/p>\n","protected":false},"author":7,"featured_media":140815,"comment_status":"open","ping_status":"open","sticky":false,"template":"","format":"standard","meta":{"footnotes":""},"categories":[5,197],"tags":[],"class_list":["post-140814","post","type-post","status-publish","format-standard","has-post-thumbnail","hentry","category-actualidad","category-lucha-antigranizo"],"_links":{"self":[{"href":"https:\/\/vinasfm.com\/noticias\/wp-json\/wp\/v2\/posts\/140814","targetHints":{"allow":["GET"]}}],"collection":[{"href":"https:\/\/vinasfm.com\/noticias\/wp-json\/wp\/v2\/posts"}],"about":[{"href":"https:\/\/vinasfm.com\/noticias\/wp-json\/wp\/v2\/types\/post"}],"author":[{"embeddable":true,"href":"https:\/\/vinasfm.com\/noticias\/wp-json\/wp\/v2\/users\/7"}],"replies":[{"embeddable":true,"href":"https:\/\/vinasfm.com\/noticias\/wp-json\/wp\/v2\/comments?post=140814"}],"version-history":[{"count":2,"href":"https:\/\/vinasfm.com\/noticias\/wp-json\/wp\/v2\/posts\/140814\/revisions"}],"predecessor-version":[{"id":140823,"href":"https:\/\/vinasfm.com\/noticias\/wp-json\/wp\/v2\/posts\/140814\/revisions\/140823"}],"wp:featuredmedia":[{"embeddable":true,"href":"https:\/\/vinasfm.com\/noticias\/wp-json\/wp\/v2\/media\/140815"}],"wp:attachment":[{"href":"https:\/\/vinasfm.com\/noticias\/wp-json\/wp\/v2\/media?parent=140814"}],"wp:term":[{"taxonomy":"category","embeddable":true,"href":"https:\/\/vinasfm.com\/noticias\/wp-json\/wp\/v2\/categories?post=140814"},{"taxonomy":"post_tag","embeddable":true,"href":"https:\/\/vinasfm.com\/noticias\/wp-json\/wp\/v2\/tags?post=140814"}],"curies":[{"name":"wp","href":"https:\/\/api.w.org\/{rel}","templated":true}]}}