{"id":140773,"date":"2024-10-21T10:05:37","date_gmt":"2024-10-21T13:05:37","guid":{"rendered":"https:\/\/vinasfm.com\/noticias\/?p=140773"},"modified":"2024-10-22T10:09:08","modified_gmt":"2024-10-22T13:09:08","slug":"motelec-cumplre-50-anos","status":"publish","type":"post","link":"https:\/\/vinasfm.com\/noticias\/motelec-cumplre-50-anos\/","title":{"rendered":"MOTELEC CUMPLRE 50 A\u00d1OS"},"content":{"rendered":"<h4>En el marco de los 50 a\u00f1os de la firma, Adolfo Nieto record\u00f3 la historia de la casa de electricidad.<\/h4>\n<p><em>\u201cMotelec, sin\u00f3nimo de electricidad\u201d,<\/em> dice el jingle. En 1974, Don Jos\u00e9 Ayasa tom\u00f3 la valent\u00eda de comenzar una sociedad junto a V\u00edctor y Adolfo que, con el paso de los a\u00f1os, se convertir\u00eda en una importante casa de electricidad. Ubicado en Intendente Morales 230, <span style=\"color: #800000;\"><strong>Motelec<\/strong> <\/span>ofrec\u00eda como principal servicio el bobinado de motores e instalaciones de motores de bomba para riego, <strong><em>\u201cen un a\u00f1o llegamos a instalar m\u00e1s de 60 perforaciones, trabajando con casi las 100 bodegas presentes en la regi\u00f3n por aquellos a\u00f1os\u201d<\/em><\/strong>, record\u00f3 Adolfo Nieto.<\/p>\n<p>Si bien el trabajo hoy se automatizado, Nieto consider\u00f3 que <strong><em>\u201cla terea del bobinado sigue siendo una artesan\u00eda porque requiere de una habilidad y delicadeza muy importante\u201d. <\/em><\/strong>A\u00f1os despu\u00e9s, <span style=\"color: #800000;\"><strong>Motelec<\/strong><\/span> ampli\u00f3 su servicio que con el tiempo le permiti\u00f3 trabajar en otras regiones del pa\u00eds, <strong><em>\u201chasta el d\u00eda de hoy atendemos a empresas con las que empezamos a trabajar en nuestros inicios\u201d<\/em><\/strong>, destac\u00f3 el empresario.<\/p>\n<p><img loading=\"lazy\" decoding=\"async\" class=\"\" src=\"https:\/\/scontent.fmdz5-1.fna.fbcdn.net\/v\/t39.30808-6\/257368480_2030094660484760_2677046202670087668_n.jpg?_nc_cat=104&amp;ccb=1-7&amp;_nc_sid=833d8c&amp;_nc_ohc=vqsmy47qsFwQ7kNvgH5lBGL&amp;_nc_ht=scontent.fmdz5-1.fna&amp;_nc_gid=A9OtTRmbmTFdf7IIyoXdruw&amp;oh=00_AYC2HecnVqXGxGDIlrSciWdc0HnJ34xxbTtMFwarI6EJbA&amp;oe=671D5E75\" alt=\"No hay ninguna descripci\u00f3n de la foto disponible.\" width=\"429\" height=\"299\" \/> <img loading=\"lazy\" decoding=\"async\" class=\"\" src=\"https:\/\/scontent.fmdz5-1.fna.fbcdn.net\/v\/t39.30808-6\/257148034_2030094843818075_4940447240486476506_n.jpg?_nc_cat=110&amp;ccb=1-7&amp;_nc_sid=833d8c&amp;_nc_ohc=4UmRZy9HqF4Q7kNvgH9cUNL&amp;_nc_ht=scontent.fmdz5-1.fna&amp;_nc_gid=ALZ0yjOGenwKJTABBBhcrRD&amp;oh=00_AYCdYyy0wjfhj40znctZRsVFDMrEiBK1RndVm_NZic7u9Q&amp;oe=671D5B8F\" alt=\"No hay ninguna descripci\u00f3n de la foto disponible.\" width=\"400\" height=\"300\" \/><\/p>\n<h6>En 1984 Motelec inauguraba su propio local comercial.<\/h6>\n<p><span style=\"color: #000000;\">Desde hace 30 a\u00f1os, <span style=\"color: #800000;\"><strong>Motelec<\/strong><\/span> cuenta con su propio local ubicado en Av. Libertador Norte 761. En la actualidad, la casa de electricidad contin\u00faa con la puesta en marcha y mantenimiento de diversos sistemas el\u00e9ctricos, pero tambi\u00e9n cuenta con la venta de insumos necesarios para el trabajo el\u00e9ctrico.<\/span><\/p>\n","protected":false},"excerpt":{"rendered":"<p>En el marco de los 50 a\u00f1os de la firma, Adolfo Nieto record\u00f3 la historia de la casa de electricidad. \u201cMotelec, &#8230;<\/p>\n","protected":false},"author":7,"featured_media":140774,"comment_status":"open","ping_status":"open","sticky":false,"template":"","format":"standard","meta":{"footnotes":""},"categories":[10,11],"tags":[],"class_list":["post-140773","post","type-post","status-publish","format-standard","has-post-thumbnail","hentry","category-destacadas","category-sociales"],"_links":{"self":[{"href":"https:\/\/vinasfm.com\/noticias\/wp-json\/wp\/v2\/posts\/140773","targetHints":{"allow":["GET"]}}],"collection":[{"href":"https:\/\/vinasfm.com\/noticias\/wp-json\/wp\/v2\/posts"}],"about":[{"href":"https:\/\/vinasfm.com\/noticias\/wp-json\/wp\/v2\/types\/post"}],"author":[{"embeddable":true,"href":"https:\/\/vinasfm.com\/noticias\/wp-json\/wp\/v2\/users\/7"}],"replies":[{"embeddable":true,"href":"https:\/\/vinasfm.com\/noticias\/wp-json\/wp\/v2\/comments?post=140773"}],"version-history":[{"count":2,"href":"https:\/\/vinasfm.com\/noticias\/wp-json\/wp\/v2\/posts\/140773\/revisions"}],"predecessor-version":[{"id":140776,"href":"https:\/\/vinasfm.com\/noticias\/wp-json\/wp\/v2\/posts\/140773\/revisions\/140776"}],"wp:featuredmedia":[{"embeddable":true,"href":"https:\/\/vinasfm.com\/noticias\/wp-json\/wp\/v2\/media\/140774"}],"wp:attachment":[{"href":"https:\/\/vinasfm.com\/noticias\/wp-json\/wp\/v2\/media?parent=140773"}],"wp:term":[{"taxonomy":"category","embeddable":true,"href":"https:\/\/vinasfm.com\/noticias\/wp-json\/wp\/v2\/categories?post=140773"},{"taxonomy":"post_tag","embeddable":true,"href":"https:\/\/vinasfm.com\/noticias\/wp-json\/wp\/v2\/tags?post=140773"}],"curies":[{"name":"wp","href":"https:\/\/api.w.org\/{rel}","templated":true}]}}