{"id":140768,"date":"2024-10-22T09:40:13","date_gmt":"2024-10-22T12:40:13","guid":{"rendered":"https:\/\/vinasfm.com\/noticias\/?p=140768"},"modified":"2024-10-23T10:04:10","modified_gmt":"2024-10-23T13:04:10","slug":"punto-por-punto-que-significa-la-disolucion-de-la-afip-y-como-sera-el-nuevo-sistema-de-recaudacion","status":"publish","type":"post","link":"https:\/\/vinasfm.com\/noticias\/punto-por-punto-que-significa-la-disolucion-de-la-afip-y-como-sera-el-nuevo-sistema-de-recaudacion\/","title":{"rendered":"PUNTO POR PUNTO: QU\u00c9 SIGNIFICA LA DISOLUCI\u00d3N DE LA AFIP Y C\u00d3MO SER\u00c1 EL NUEVO SISTEMA DE RECAUDACI\u00d3N"},"content":{"rendered":"<h4><span style=\"color: #000000;\">Esta medida generar\u00e1 un cambio estructural en el manejo de los cobros impositivos del Gobierno puertas adentro.<\/span><\/h4>\n<p><span style=\"color: #000000;\">Durante el anuncio de la\u00a0disoluci\u00f3n de la\u00a0<strong>Administraci\u00f3n Federal de Ingresos P\u00fablicos (AFIP)<\/strong>, el vocero presidencial,\u00a0<strong>Manuel Adorni<\/strong>, describi\u00f3 algunos datos que el Gobierno dio a conocer para justificar esta medida.\u00a0<strong>M\u00e1s all\u00e1 de esto, la defunci\u00f3n del ente implica otros factores.<\/strong><\/span><\/p>\n<h2 id=\"h-los-puntos-de-la-disolucion\" class=\"wp-block-heading\"><span style=\"color: #000000;\">Los puntos de la disoluci\u00f3n<\/span><\/h2>\n<p><span style=\"color: #000000;\">Durante la rueda de prensa, Adorni se\u00f1al\u00f3 que esta decisi\u00f3n significar\u00e1 un ahorro por a\u00f1o de\u00a0<strong>6.400 millones de pesos.<\/strong><\/span><\/p>\n<p><span style=\"color: #000000;\">Tambi\u00e9n explic\u00f3 que esta medida supondr\u00e1 la disminuci\u00f3n del\u00a0<strong>34% de los trabajadores de la estructura actual<\/strong>, compuesta por un 45% de autoridades superiores y un 31% de empleados dependientes de estos.<\/span><\/p>\n<p><span style=\"color: #000000;\">Concretamente,\u00a0<strong>se desvincular\u00e1 a 3.155 empleados\u00a0<\/strong>que, seg\u00fan el vocero: \u201c<em>Ingresaron durante el \u00faltimo gobierno de manera irregular<\/em>\u201c. Estos agentes conforman el\u00a0<strong>15% de los trabajadores de la anterior administraci\u00f3n.<\/strong><\/span><\/p>\n<h2 id=\"h-los-objetivos-de-la-nueva-agencia\" class=\"wp-block-heading\"><span style=\"color: #000000;\">Los objetivos de la nueva agencia<\/span><\/h2>\n<p><span style=\"color: #000000;\">Desde el Gobierno nacional se\u00f1alaron que la creaci\u00f3n de la\u00a0<strong>Agencia de Recaudaci\u00f3n y Control Aduanero<\/strong>\u00a0(ARCA), que remplazar\u00e1 a la AFIP, tiene como fin generar una\u00a0<strong>reducci\u00f3n del gasto estatal<\/strong>\u00a0a partir de la eliminaci\u00f3n de<strong>\u00a0cargos \u201cinnecesarios\u201d<\/strong>\u00a0y desmantelar presuntos\u00a0<strong>circuitos corruptos<\/strong>. Adem\u00e1s, se buscar\u00eda aplicar una mejor eficiencia en la recaudaci\u00f3n y en los controles aduaneros.<\/span><\/p>\n<p><span style=\"color: #000000;\">Por otro lado, se dispondr\u00e1 la eliminaci\u00f3n de la<em>\u00a0<strong>Cuenta de Jerarquizaci\u00f3n<\/strong>\u00a0<\/em>para los altos cargos, lo que supone una considerable reducci\u00f3n de los ingresos al titular del ente, que pasar\u00e1 de 32 millones de pesos a cerca del salario de un ministro de la Naci\u00f3n, es decir\u00a0<strong>4 millones de pesos.<\/strong><\/span><\/p>\n<p><span style=\"color: #000000;\">Esto tambi\u00e9n ser\u00e1 aplicado a los salarios de los directores de la\u00a0<strong>Direcci\u00f3n General Impositiva<\/strong>\u00a0(DGI) y de la\u00a0<strong>Direcci\u00f3n General de Aduanas<\/strong>\u00a0(DGA), los cuales pasar\u00e1n de<strong>\u00a017 millones de pesos<\/strong>\u00a0a un sueldo equiparable al de un secretario nacional, aproximadamente\u00a0<strong>2.5 millones de pesos.<\/strong><\/span><\/p>\n<h2 id=\"h-cambio-de-autoridades\" class=\"wp-block-heading\"><span style=\"color: #000000;\">Cambio de autoridades<\/span><\/h2>\n<p><span style=\"color: #000000;\">Aunque la titular de la AFIP,\u00a0<strong>Florencia Misrahi<\/strong>, seguir\u00e1 al mando de la ARCA, los directores de la DGI y DGA ser\u00e1n remplazados.<\/span><\/p>\n<p><span style=\"color: #000000;\">En el caso de la Direcci\u00f3n General Impositiva, quien ocupaba el rol de director,\u00a0<strong>Gabriel Ram\u00edrez<\/strong>, fue destituido para dar lugar a\u00a0<strong>Andr\u00e9s Edgardo V\u00e1zquez<\/strong>. Por el lado de la Direcci\u00f3n General de Aduanas,\u00a0<strong>Eduardo Mallea<\/strong>\u00a0fue sustituido por\u00a0<strong>Jos\u00e9 Andr\u00e9s Velis.<\/strong><\/span><\/p>\n","protected":false},"excerpt":{"rendered":"<p>Esta medida generar\u00e1 un cambio estructural en el manejo de los cobros impositivos del Gobierno puertas adentro. Durante el anuncio de &#8230;<\/p>\n","protected":false},"author":7,"featured_media":17092,"comment_status":"open","ping_status":"open","sticky":false,"template":"","format":"standard","meta":{"footnotes":""},"categories":[5,52],"tags":[],"class_list":["post-140768","post","type-post","status-publish","format-standard","has-post-thumbnail","hentry","category-actualidad","category-afip"],"_links":{"self":[{"href":"https:\/\/vinasfm.com\/noticias\/wp-json\/wp\/v2\/posts\/140768","targetHints":{"allow":["GET"]}}],"collection":[{"href":"https:\/\/vinasfm.com\/noticias\/wp-json\/wp\/v2\/posts"}],"about":[{"href":"https:\/\/vinasfm.com\/noticias\/wp-json\/wp\/v2\/types\/post"}],"author":[{"embeddable":true,"href":"https:\/\/vinasfm.com\/noticias\/wp-json\/wp\/v2\/users\/7"}],"replies":[{"embeddable":true,"href":"https:\/\/vinasfm.com\/noticias\/wp-json\/wp\/v2\/comments?post=140768"}],"version-history":[{"count":1,"href":"https:\/\/vinasfm.com\/noticias\/wp-json\/wp\/v2\/posts\/140768\/revisions"}],"predecessor-version":[{"id":140769,"href":"https:\/\/vinasfm.com\/noticias\/wp-json\/wp\/v2\/posts\/140768\/revisions\/140769"}],"wp:featuredmedia":[{"embeddable":true,"href":"https:\/\/vinasfm.com\/noticias\/wp-json\/wp\/v2\/media\/17092"}],"wp:attachment":[{"href":"https:\/\/vinasfm.com\/noticias\/wp-json\/wp\/v2\/media?parent=140768"}],"wp:term":[{"taxonomy":"category","embeddable":true,"href":"https:\/\/vinasfm.com\/noticias\/wp-json\/wp\/v2\/categories?post=140768"},{"taxonomy":"post_tag","embeddable":true,"href":"https:\/\/vinasfm.com\/noticias\/wp-json\/wp\/v2\/tags?post=140768"}],"curies":[{"name":"wp","href":"https:\/\/api.w.org\/{rel}","templated":true}]}}