{"id":140757,"date":"2024-10-22T09:15:12","date_gmt":"2024-10-22T12:15:12","guid":{"rendered":"https:\/\/vinasfm.com\/noticias\/?p=140757"},"modified":"2024-10-23T10:04:27","modified_gmt":"2024-10-23T13:04:27","slug":"en-la-escuela-carlos-maria-de-alvear-inauguraron-el-espacio-deportivo-guillermo-rojos","status":"publish","type":"post","link":"https:\/\/vinasfm.com\/noticias\/en-la-escuela-carlos-maria-de-alvear-inauguraron-el-espacio-deportivo-guillermo-rojos\/","title":{"rendered":"EN LA ESCUELA CARLOS MAR\u00cdA DE ALVEAR INAUGURARON EL ESPACIO DEPORTIVO GUILLERMO ROJOS"},"content":{"rendered":"<p><strong>Se trata de un homenaje a un docente que dej\u00f3 una huella imborrable en la instituci\u00f3n educativa. <\/strong><\/p>\n<p>La educaci\u00f3n es el pilar de nuestra sociedad. <strong>Dentro del plan de intervenci\u00f3n y mejoramiento de edificios escolares, el Municipio celebr\u00f3 un gran avance en la Escuela Carlos Mar\u00eda de Alvear<\/strong> y de esta manera quedaron inaugurados un nuevo espacio deportivo y un \u00e1rea de lectura pensados para el disfrute y crecimiento de los estudiantes.<\/p>\n<p>En la jornada del lunes 21 de octubre, se realiz\u00f3 la imposici\u00f3n del nombre <span style=\"color: #800000;\"><strong><em>\u201cGuillermo Rojos\u201d<\/em><\/strong><\/span> al nuevo espacio deportivo. <strong><em>\u201cEste es un d\u00eda muy importantes para nuestra comunidad educativa, este espacio llevar\u00e1 el nombre de quien fuera no solo un profesor de Educaci\u00f3n F\u00edsica, sino un compa\u00f1ero y amigo\u201d,<\/em><\/strong> expresaba la<em> Directora de la instituci\u00f3n<\/em>, <span style=\"color: #003366;\"><strong>Lourdes Rodr\u00edguez<\/strong><\/span>, durante discurso. <strong><em>\u201cGuillermo ha dejado una huella en cada rinc\u00f3n, proyecto y sue\u00f1o compartido en esta escuela\u201d.<\/em><\/strong><\/p>\n<p><a href=\"https:\/\/vinasfm.com\/noticias\/wp-content\/uploads\/2024\/10\/IMG-20241022-WA0013.jpg\"><img loading=\"lazy\" decoding=\"async\" class=\"alignnone wp-image-140762\" src=\"https:\/\/vinasfm.com\/noticias\/wp-content\/uploads\/2024\/10\/IMG-20241022-WA0013-1024x576.jpg\" alt=\"\" width=\"420\" height=\"236\" srcset=\"https:\/\/vinasfm.com\/noticias\/wp-content\/uploads\/2024\/10\/IMG-20241022-WA0013-1024x576.jpg 1024w, https:\/\/vinasfm.com\/noticias\/wp-content\/uploads\/2024\/10\/IMG-20241022-WA0013-300x169.jpg 300w, https:\/\/vinasfm.com\/noticias\/wp-content\/uploads\/2024\/10\/IMG-20241022-WA0013-768x432.jpg 768w, https:\/\/vinasfm.com\/noticias\/wp-content\/uploads\/2024\/10\/IMG-20241022-WA0013-750x420.jpg 750w, https:\/\/vinasfm.com\/noticias\/wp-content\/uploads\/2024\/10\/IMG-20241022-WA0013-1140x641.jpg 1140w, https:\/\/vinasfm.com\/noticias\/wp-content\/uploads\/2024\/10\/IMG-20241022-WA0013.jpg 1500w\" sizes=\"auto, (max-width: 420px) 100vw, 420px\" \/><\/a> <a href=\"https:\/\/vinasfm.com\/noticias\/wp-content\/uploads\/2024\/10\/IMG-20241022-WA0022.jpg\"><img loading=\"lazy\" decoding=\"async\" class=\"alignnone wp-image-140761\" src=\"https:\/\/vinasfm.com\/noticias\/wp-content\/uploads\/2024\/10\/IMG-20241022-WA0022-1024x576.jpg\" alt=\"\" width=\"420\" height=\"236\" srcset=\"https:\/\/vinasfm.com\/noticias\/wp-content\/uploads\/2024\/10\/IMG-20241022-WA0022-1024x576.jpg 1024w, https:\/\/vinasfm.com\/noticias\/wp-content\/uploads\/2024\/10\/IMG-20241022-WA0022-300x169.jpg 300w, https:\/\/vinasfm.com\/noticias\/wp-content\/uploads\/2024\/10\/IMG-20241022-WA0022-768x432.jpg 768w, https:\/\/vinasfm.com\/noticias\/wp-content\/uploads\/2024\/10\/IMG-20241022-WA0022-750x420.jpg 750w, https:\/\/vinasfm.com\/noticias\/wp-content\/uploads\/2024\/10\/IMG-20241022-WA0022-1140x641.jpg 1140w, https:\/\/vinasfm.com\/noticias\/wp-content\/uploads\/2024\/10\/IMG-20241022-WA0022.jpg 1473w\" sizes=\"auto, (max-width: 420px) 100vw, 420px\" \/><\/a><\/p>\n<p><span style=\"color: #000000;\">En este nuevo espacio con del establecimiento ubicado en calles Roca y Mitre se inauguraron\u00a0nuevas \u00e1reas como, cancha de f\u00fatbol y b\u00e1squet, zona de lectura, y mejoras generales en todo el predio, realizadas por la Municipalidad de General Alvear.<\/span><\/p>\n<p>El emotivo acto cont\u00f3 con la participaci\u00f3n del <span style=\"color: #003366;\"><strong>Sr. Intendente Alejandro Molero<\/strong><\/span>; <em>el Secretario de Gobierno<\/em>, <span style=\"color: #003366;\"><strong>Fabio G\u00f3mez Parra<\/strong><\/span>; <em>la delega de la DGE<\/em>, <span style=\"color: #003366;\"><strong>Magal\u00ed Oneschuk<\/strong><\/span>; <em><span style=\"color: #000000;\">el director de Educaci\u00f3n<\/span><\/em>, <span style=\"color: #003366;\"><strong>Jos\u00e9 Mor\u00e1n<\/strong><\/span>; <em>el director de Deportes<\/em>, <span style=\"color: #003366;\"><strong>Alberto \u2018Tito\u2019 \u00a0G\u00f3mez<\/strong><\/span>; supervisoras de las distintas secciones de la regi\u00f3n y padres de la comunidad de la Esc. 1-211 Carlos Mar\u00eda de Alvear.<\/p>\n<p>Presente en el acto, Molero destac\u00f3 que <strong><em>\u201cen esta oportunidad se habla de obras significativas, pero sobre todo de sentimientos y aprendizajes que nos marcan en la vida\u201d.<\/em><\/strong> Recordando el legado de Rojos en la comunidad alvearense, puso en valor que <strong><em>\u201cmiles de alvearenses han aprendido de la mano del profe, utilizando al deporte como un vector para los grandes valores que hacen a nuestra sociedad\u201d.<\/em><\/strong><\/p>\n<p><a href=\"https:\/\/vinasfm.com\/noticias\/wp-content\/uploads\/2024\/10\/IMG-20241022-WA0023.jpg\"><img loading=\"lazy\" decoding=\"async\" class=\"alignnone wp-image-140763\" src=\"https:\/\/vinasfm.com\/noticias\/wp-content\/uploads\/2024\/10\/IMG-20241022-WA0023-1024x576.jpg\" alt=\"\" width=\"420\" height=\"236\" srcset=\"https:\/\/vinasfm.com\/noticias\/wp-content\/uploads\/2024\/10\/IMG-20241022-WA0023-1024x576.jpg 1024w, https:\/\/vinasfm.com\/noticias\/wp-content\/uploads\/2024\/10\/IMG-20241022-WA0023-300x169.jpg 300w, https:\/\/vinasfm.com\/noticias\/wp-content\/uploads\/2024\/10\/IMG-20241022-WA0023-768x432.jpg 768w, https:\/\/vinasfm.com\/noticias\/wp-content\/uploads\/2024\/10\/IMG-20241022-WA0023-750x420.jpg 750w, https:\/\/vinasfm.com\/noticias\/wp-content\/uploads\/2024\/10\/IMG-20241022-WA0023-1140x641.jpg 1140w, https:\/\/vinasfm.com\/noticias\/wp-content\/uploads\/2024\/10\/IMG-20241022-WA0023.jpg 1494w\" sizes=\"auto, (max-width: 420px) 100vw, 420px\" \/><\/a> <a href=\"https:\/\/vinasfm.com\/noticias\/wp-content\/uploads\/2024\/10\/IMG-20241022-WA0021.jpg\"><img loading=\"lazy\" decoding=\"async\" class=\"alignnone wp-image-140764\" src=\"https:\/\/vinasfm.com\/noticias\/wp-content\/uploads\/2024\/10\/IMG-20241022-WA0021-1024x576.jpg\" alt=\"\" width=\"420\" height=\"236\" srcset=\"https:\/\/vinasfm.com\/noticias\/wp-content\/uploads\/2024\/10\/IMG-20241022-WA0021-1024x576.jpg 1024w, https:\/\/vinasfm.com\/noticias\/wp-content\/uploads\/2024\/10\/IMG-20241022-WA0021-300x169.jpg 300w, https:\/\/vinasfm.com\/noticias\/wp-content\/uploads\/2024\/10\/IMG-20241022-WA0021-768x432.jpg 768w, https:\/\/vinasfm.com\/noticias\/wp-content\/uploads\/2024\/10\/IMG-20241022-WA0021-750x420.jpg 750w, https:\/\/vinasfm.com\/noticias\/wp-content\/uploads\/2024\/10\/IMG-20241022-WA0021-1140x641.jpg 1140w, https:\/\/vinasfm.com\/noticias\/wp-content\/uploads\/2024\/10\/IMG-20241022-WA0021.jpg 1500w\" sizes=\"auto, (max-width: 420px) 100vw, 420px\" \/><\/a><\/p>\n<p>Guillermo Rojos falleci\u00f3 el pasado mes de enero, dejando una huella imborrable no solo en la comunidad educativa de la escuela Carlos Mar\u00eda de Alvear, sino que tambi\u00e9n en toda la sociedad de General Alvear. A lo largo de 34 a\u00f1os, su incansable labor y el compa\u00f1erismo, han hecho de esta instituci\u00f3n un lugar de encuentro y crecimiento.<\/p>\n","protected":false},"excerpt":{"rendered":"<p>Se trata de un homenaje a un docente que dej\u00f3 una huella imborrable en la instituci\u00f3n educativa. La educaci\u00f3n es el &#8230;<\/p>\n","protected":false},"author":7,"featured_media":140760,"comment_status":"open","ping_status":"open","sticky":false,"template":"","format":"standard","meta":{"footnotes":""},"categories":[10,11],"tags":[],"class_list":["post-140757","post","type-post","status-publish","format-standard","has-post-thumbnail","hentry","category-destacadas","category-sociales"],"_links":{"self":[{"href":"https:\/\/vinasfm.com\/noticias\/wp-json\/wp\/v2\/posts\/140757","targetHints":{"allow":["GET"]}}],"collection":[{"href":"https:\/\/vinasfm.com\/noticias\/wp-json\/wp\/v2\/posts"}],"about":[{"href":"https:\/\/vinasfm.com\/noticias\/wp-json\/wp\/v2\/types\/post"}],"author":[{"embeddable":true,"href":"https:\/\/vinasfm.com\/noticias\/wp-json\/wp\/v2\/users\/7"}],"replies":[{"embeddable":true,"href":"https:\/\/vinasfm.com\/noticias\/wp-json\/wp\/v2\/comments?post=140757"}],"version-history":[{"count":2,"href":"https:\/\/vinasfm.com\/noticias\/wp-json\/wp\/v2\/posts\/140757\/revisions"}],"predecessor-version":[{"id":140767,"href":"https:\/\/vinasfm.com\/noticias\/wp-json\/wp\/v2\/posts\/140757\/revisions\/140767"}],"wp:featuredmedia":[{"embeddable":true,"href":"https:\/\/vinasfm.com\/noticias\/wp-json\/wp\/v2\/media\/140760"}],"wp:attachment":[{"href":"https:\/\/vinasfm.com\/noticias\/wp-json\/wp\/v2\/media?parent=140757"}],"wp:term":[{"taxonomy":"category","embeddable":true,"href":"https:\/\/vinasfm.com\/noticias\/wp-json\/wp\/v2\/categories?post=140757"},{"taxonomy":"post_tag","embeddable":true,"href":"https:\/\/vinasfm.com\/noticias\/wp-json\/wp\/v2\/tags?post=140757"}],"curies":[{"name":"wp","href":"https:\/\/api.w.org\/{rel}","templated":true}]}}