{"id":140659,"date":"2024-10-17T11:27:50","date_gmt":"2024-10-17T14:27:50","guid":{"rendered":"https:\/\/vinasfm.com\/noticias\/?p=140659"},"modified":"2024-10-18T11:38:42","modified_gmt":"2024-10-18T14:38:42","slug":"aumento-a-las-empleadas-domesticas-cuanto-cobraran-en-noviembre","status":"publish","type":"post","link":"https:\/\/vinasfm.com\/noticias\/aumento-a-las-empleadas-domesticas-cuanto-cobraran-en-noviembre\/","title":{"rendered":"AUMENTO A LAS EMPLEADAS DOM\u00c9STICAS: CU\u00c1NTO COBRAR\u00c1N EN NOVIEMBRE"},"content":{"rendered":"<h4><span style=\"color: #000000;\">Confirmaron un incremento para trabajadoras del servicio dom\u00e9stico, que ser\u00e1 aplicado el pr\u00f3ximo mes. Tambi\u00e9n subir\u00e1n la Asignaci\u00f3n Universal por Hijo y la Tarjeta Alimentar.<\/span><\/h4>\n<p><span style=\"color: #000000;\">La\u00a0<strong>Comisi\u00f3n Nacional de Trabajo en Casas Particulares<\/strong>\u00a0confirm\u00f3 un nuevo aumento salarial para las\u00a0<strong>trabajadoras dom\u00e9sticas<\/strong>\u00a0que entrar\u00e1 en vigencia en noviembre. Es parte de las medidas adoptadas para actualizar los salarios de este sector, de cara a los \u00faltimos meses del a\u00f1o.<\/span><\/p>\n<p><span style=\"color: #000000;\">Adem\u00e1s, aquellas trabajadoras que sean beneficiarias de la\u00a0<strong>Asignaci\u00f3n Universal por Hijo\u00a0<\/strong>(<strong>AUH<\/strong>) ver\u00e1n reflejado un incremento del 3,5% en sus ingresos. Este aumento est\u00e1 vinculado al<strong>\u00a0\u00cdndice de Precios al Consumidor\u00a0<\/strong>(<strong>IPC<\/strong>) de septiembre, medido por el\u00a0<strong>Instituto Nacional de Estad\u00edstica y Censos<\/strong>\u00a0(<strong>Indec<\/strong>). Los pagos de la\u00a0<strong>AUH\u00a0<\/strong>se efectuar\u00e1n en funci\u00f3n de la terminaci\u00f3n del\u00a0<strong>Documento Nacional de Identidad\u00a0<\/strong>(<strong>DNI<\/strong>) de cada titular.<\/span><\/p>\n<p><span style=\"color: #000000;\">Mientras tanto, la\u00a0<strong>Comisi\u00f3n Nacional de Trabajo en Casas Particulares<\/strong>\u00a0continuaba discutiendo los ajustes salariales correspondientes a los meses de septiembre y octubre. El sindicato del sector solicit\u00f3 un aumento del 12%, mientras que los empleadores plantean un ajuste del 3%, que se abonar\u00eda en dos etapas.<\/span><\/p>\n<h2 id=\"h-monto-de-la-auh-en-noviembre\" class=\"wp-block-heading\"><span style=\"color: #000000;\">Monto de la AUH en noviembre<\/span><\/h2>\n<p><span style=\"color: #000000;\">En noviembre, la\u00a0<strong>AUH\u00a0<\/strong>recibir\u00e1 un aumento del 3,5%, alcanzando un monto bruto de\u00a0<strong>$90.862\u00a0<\/strong>para las\u00a0<strong>trabajadoras dom\u00e9sticas<\/strong>. Para aquellas titulares que tengan<strong>\u00a0hijos con discapacidad<\/strong>, el monto ascender\u00e1 a\u00a0<strong>$295.870<\/strong>.<\/span><\/p>\n<h2 id=\"h-beneficio-adicional-de-la-tarjeta-alimentar\" class=\"wp-block-heading\"><span style=\"color: #000000;\">Beneficio adicional de la Tarjeta Alimentar<\/span><\/h2>\n<p><span style=\"color: #000000;\">Adem\u00e1s del aumento en la\u00a0<strong>AUH<\/strong>, las trabajadoras dom\u00e9sticas podr\u00e1n acceder a los beneficios de la\u00a0<strong>Tarjeta Alimentar<\/strong>, otorgada por el\u00a0<strong>Ministerio de Desarrollo Social y Anses<\/strong>. En noviembre, los montos m\u00e1ximos de este programa ser\u00e1n:<\/span><\/p>\n<ul class=\"wp-block-list\">\n<li><span style=\"color: #000000;\">Familias con un hijo:\u00a0<strong>$52.250<\/strong>.<\/span><\/li>\n<li><span style=\"color: #000000;\">Familias con dos hijos:<strong>\u00a0$81.936<\/strong>.<\/span><\/li>\n<li><span style=\"color: #000000;\">Familias con tres o m\u00e1s hijos:\u00a0<strong>$108.062<\/strong>.<\/span><\/li>\n<\/ul>\n","protected":false},"excerpt":{"rendered":"<p>Confirmaron un incremento para trabajadoras del servicio dom\u00e9stico, que ser\u00e1 aplicado el pr\u00f3ximo mes. Tambi\u00e9n subir\u00e1n la Asignaci\u00f3n Universal por Hijo &#8230;<\/p>\n","protected":false},"author":7,"featured_media":140662,"comment_status":"open","ping_status":"open","sticky":false,"template":"","format":"standard","meta":{"footnotes":""},"categories":[5,169],"tags":[],"class_list":["post-140659","post","type-post","status-publish","format-standard","has-post-thumbnail","hentry","category-actualidad","category-aumentos"],"_links":{"self":[{"href":"https:\/\/vinasfm.com\/noticias\/wp-json\/wp\/v2\/posts\/140659","targetHints":{"allow":["GET"]}}],"collection":[{"href":"https:\/\/vinasfm.com\/noticias\/wp-json\/wp\/v2\/posts"}],"about":[{"href":"https:\/\/vinasfm.com\/noticias\/wp-json\/wp\/v2\/types\/post"}],"author":[{"embeddable":true,"href":"https:\/\/vinasfm.com\/noticias\/wp-json\/wp\/v2\/users\/7"}],"replies":[{"embeddable":true,"href":"https:\/\/vinasfm.com\/noticias\/wp-json\/wp\/v2\/comments?post=140659"}],"version-history":[{"count":1,"href":"https:\/\/vinasfm.com\/noticias\/wp-json\/wp\/v2\/posts\/140659\/revisions"}],"predecessor-version":[{"id":140663,"href":"https:\/\/vinasfm.com\/noticias\/wp-json\/wp\/v2\/posts\/140659\/revisions\/140663"}],"wp:featuredmedia":[{"embeddable":true,"href":"https:\/\/vinasfm.com\/noticias\/wp-json\/wp\/v2\/media\/140662"}],"wp:attachment":[{"href":"https:\/\/vinasfm.com\/noticias\/wp-json\/wp\/v2\/media?parent=140659"}],"wp:term":[{"taxonomy":"category","embeddable":true,"href":"https:\/\/vinasfm.com\/noticias\/wp-json\/wp\/v2\/categories?post=140659"},{"taxonomy":"post_tag","embeddable":true,"href":"https:\/\/vinasfm.com\/noticias\/wp-json\/wp\/v2\/tags?post=140659"}],"curies":[{"name":"wp","href":"https:\/\/api.w.org\/{rel}","templated":true}]}}