{"id":140586,"date":"2024-10-15T11:33:42","date_gmt":"2024-10-15T14:33:42","guid":{"rendered":"https:\/\/vinasfm.com\/noticias\/?p=140586"},"modified":"2024-10-16T10:32:29","modified_gmt":"2024-10-16T13:32:29","slug":"general-alvear-fue-sede-del-torneo-regional-federativo-de-gimnasia-artistica-femenina","status":"publish","type":"post","link":"https:\/\/vinasfm.com\/noticias\/general-alvear-fue-sede-del-torneo-regional-federativo-de-gimnasia-artistica-femenina\/","title":{"rendered":"GENERAL ALVEAR FUE SEDE DEL TORNEO REGIONAL FEDERATIVO DE GIMNASIA ART\u00cdSTICA FEMENINA"},"content":{"rendered":"<h4><span style=\"color: #000000;\">El polideportivo \u201cDeportistas Alvearenses\u201d, del 10 al 13 de octubre, fue el escenario del destacado Torneo Regional Federativo de Gimnasia Art\u00edstica Femenina.<\/span><\/h4>\n<p><span style=\"color: #000000;\"> Organizado por la Federaci\u00f3n Mendocina y la Municipalidad de General Alvear, este evento reuni\u00f3 a 580 gimnastas provenientes de selecciones provinciales de Mendoza, San Juan y San Luis.<\/span><\/p>\n<p><span style=\"color: #000000;\">El torneo no solo fue una oportunidad para que las atletas mostraran su talento y dedicaci\u00f3n, sino tambi\u00e9n un cierre significativo para un a\u00f1o lleno de competiciones. <strong>Con una asistencia estimada entre 900 y 1000 acompa\u00f1antes, el ambiente fue festivo y lleno de energ\u00eda, aplaudiendo cada actuaci\u00f3n y celebrando los logros de las gimnastas.<\/strong><\/span><\/p>\n<p><span style=\"color: #000000;\">Desde la comuna se apoyan estas actividades y destaca el impacto positivo que tiene el deporte en la regi\u00f3n, no solo en lo econ\u00f3mico, si no tambi\u00e9n turistico, que benefician a toda la comunidad de General Alvear.<\/span><\/p>\n","protected":false},"excerpt":{"rendered":"<p>El polideportivo \u201cDeportistas Alvearenses\u201d, del 10 al 13 de octubre, fue el escenario del destacado Torneo Regional Federativo de Gimnasia Art\u00edstica &#8230;<\/p>\n","protected":false},"author":7,"featured_media":140587,"comment_status":"open","ping_status":"open","sticky":false,"template":"","format":"standard","meta":{"footnotes":""},"categories":[5,3],"tags":[],"class_list":["post-140586","post","type-post","status-publish","format-standard","has-post-thumbnail","hentry","category-actualidad","category-deportes"],"_links":{"self":[{"href":"https:\/\/vinasfm.com\/noticias\/wp-json\/wp\/v2\/posts\/140586","targetHints":{"allow":["GET"]}}],"collection":[{"href":"https:\/\/vinasfm.com\/noticias\/wp-json\/wp\/v2\/posts"}],"about":[{"href":"https:\/\/vinasfm.com\/noticias\/wp-json\/wp\/v2\/types\/post"}],"author":[{"embeddable":true,"href":"https:\/\/vinasfm.com\/noticias\/wp-json\/wp\/v2\/users\/7"}],"replies":[{"embeddable":true,"href":"https:\/\/vinasfm.com\/noticias\/wp-json\/wp\/v2\/comments?post=140586"}],"version-history":[{"count":1,"href":"https:\/\/vinasfm.com\/noticias\/wp-json\/wp\/v2\/posts\/140586\/revisions"}],"predecessor-version":[{"id":140588,"href":"https:\/\/vinasfm.com\/noticias\/wp-json\/wp\/v2\/posts\/140586\/revisions\/140588"}],"wp:featuredmedia":[{"embeddable":true,"href":"https:\/\/vinasfm.com\/noticias\/wp-json\/wp\/v2\/media\/140587"}],"wp:attachment":[{"href":"https:\/\/vinasfm.com\/noticias\/wp-json\/wp\/v2\/media?parent=140586"}],"wp:term":[{"taxonomy":"category","embeddable":true,"href":"https:\/\/vinasfm.com\/noticias\/wp-json\/wp\/v2\/categories?post=140586"},{"taxonomy":"post_tag","embeddable":true,"href":"https:\/\/vinasfm.com\/noticias\/wp-json\/wp\/v2\/tags?post=140586"}],"curies":[{"name":"wp","href":"https:\/\/api.w.org\/{rel}","templated":true}]}}