{"id":140557,"date":"2024-10-15T08:37:17","date_gmt":"2024-10-15T11:37:17","guid":{"rendered":"https:\/\/vinasfm.com\/noticias\/?p=140557"},"modified":"2024-10-16T09:51:14","modified_gmt":"2024-10-16T12:51:14","slug":"10o-aniversario-de-la-multiferia-del-barrio-san-carlos","status":"publish","type":"post","link":"https:\/\/vinasfm.com\/noticias\/10o-aniversario-de-la-multiferia-del-barrio-san-carlos\/","title":{"rendered":"10\u00ba ANIVERSARIO DE LA MULTIFERIA DEL BARRIO SAN CARLOS"},"content":{"rendered":"<h4><span style=\"color: #000000;\">Se celebraron 10 a\u00f1os de actividad ininterrumpida de la Multi Feria del Barrio San Carlos, con un festejo acorde a todo el trabajo que se cumple cada fin de semana.<\/span><\/h4>\n<p><span style=\"color: #000000;\">Esta Multiferia que s\u00e1bado a s\u00e1bado crece con cientos de personas que ofrecen diferentes opciones para cada gusto, desde ropa usada en buen estado, artesan\u00edas, comida y muchas cosas m\u00e1s. <strong>El n\u00famero de feriantes aumenta s\u00e1bado a s\u00e1bado, porque se sigue sumando gente que ve en esta opci\u00f3n de venta, una salida laboral.<\/strong><\/span><\/p>\n<p><span style=\"color: #000000;\">Con una plaza colmada de vecinos y feriantes, provenientes de distintos distritos de nuestro departamento, tambi\u00e9n de departamento vecino de San Rafael, como es el caso de Real Del Padre, Villatuel, Jaime Prats y zonas aleda\u00f1as, <strong>se vivi\u00f3 un s\u00e1bado de celebraci\u00f3n con diferentes espect\u00e1culos art\u00edsticos, dos academias de baile provenientes de nuestro departamento, el solista Luis Cili y cerrando el festejo La Melga.<\/strong><\/span><\/p>\n<p><img loading=\"lazy\" decoding=\"async\" class=\"\" src=\"https:\/\/scontent.fmdz5-1.fna.fbcdn.net\/v\/t39.30808-6\/463191396_853774526952820_7638690113363696075_n.jpg?_nc_cat=106&amp;ccb=1-7&amp;_nc_sid=127cfc&amp;_nc_ohc=tSJw8FxY4AwQ7kNvgHks1jn&amp;_nc_zt=23&amp;_nc_ht=scontent.fmdz5-1.fna&amp;_nc_gid=AIMIS-tSQN3IfNfL9woSH5g&amp;oh=00_AYC69c7doaJqMjRPfClbsmI3eIeDFNJyBZAPwM0gRKpqfg&amp;oe=67143556\" alt=\"Puede ser una imagen de 6 personas, altavoz, guitarra, clarinete, trompeta, saxof\u00f3n y acorde\u00f3n\" width=\"431\" height=\"242\" \/> <img loading=\"lazy\" decoding=\"async\" class=\"\" src=\"https:\/\/scontent.fmdz5-1.fna.fbcdn.net\/v\/t39.30808-6\/463225777_853774416952831_6450570541182181254_n.jpg?_nc_cat=101&amp;ccb=1-7&amp;_nc_sid=127cfc&amp;_nc_ohc=jtsFQ95a5FMQ7kNvgE4u6SC&amp;_nc_zt=23&amp;_nc_ht=scontent.fmdz5-1.fna&amp;_nc_gid=Av4dbYb8u_wl_mqpED9iKQC&amp;oh=00_AYBarKQwVWvFhjcDwcCyXi3KiuzRvNthHRq_TW39lL-mUw&amp;oe=6714311A\" alt=\"Puede ser una imagen de 7 personas, clarinete, altavoz y guitarra\" width=\"431\" height=\"242\" \/><\/p>\n<p><span style=\"color: #000000;\"><span style=\"color: #003366;\"><strong>Adriana Kuroski<\/strong><\/span>, <em>Coordinadora de la Multiferia<\/em> se expres\u00f3 muy emocionada: <strong><em>\u201cmuy acompa\u00f1adas, hoy ha sido un d\u00eda muy especial, pensar en los 10 a\u00f1os de esta Multi Feria, que cuando empezamos nunca pensamos que \u00edbamos a llegar a tanto, as\u00ed que como siempre decimos, bueno, vamos a dejar que nuestro trabajo siga hablando por nosotros y nada, agradecerle a cada vecino, a cada feriante, al municipio que se acerc\u00f3 y nos ayud\u00f3, nos colabora siempre, permanentemente y bueno, que sean muchos a\u00f1os m\u00e1s de Multiferia\u201d.<\/em><\/strong><\/span><\/p>\n<p><span style=\"color: #000000;\">Tambi\u00e9n presente desde el municipio el <em>Director de Contingencias<\/em>, <span style=\"color: #003366;\"><strong>Carlos Aguas<\/strong> <\/span>dijo: <em><strong>\u201ccomo siempre, el municipio acompa\u00f1ando en todos los barrios, en este caso, en los 10 a\u00f1os de la Multi Feria, un espect\u00e1culo importante, nosotros venimos acompa\u00f1ando todos los s\u00e1bados y realmente la cantidad de emprendedores que viene es importante, para el barrio y para el departamento tambi\u00e9n\u201d.<\/strong><\/em> Adem\u00e1s, agreg\u00f3:<em><strong> \u201cincentivar que la gente de Alvear siga viniendo a la feria como es todos los s\u00e1bados, que los emprendedores se animen a venir y a colaborar con esta Multi Feria que es sumamente importante\u201d.<\/strong><\/em><\/span><\/p>\n<p><img loading=\"lazy\" decoding=\"async\" class=\"\" src=\"https:\/\/scontent.fmdz5-1.fna.fbcdn.net\/v\/t39.30808-6\/463152588_853774523619487_768280113722951947_n.jpg?_nc_cat=106&amp;ccb=1-7&amp;_nc_sid=127cfc&amp;_nc_ohc=roSFene85Z8Q7kNvgG2TaLk&amp;_nc_zt=23&amp;_nc_ht=scontent.fmdz5-1.fna&amp;_nc_gid=AwJ2leNrPEb1C1Ciq3ho_JM&amp;oh=00_AYCVHH8pjDGRzpXKLpo-xLpS-6Fd81gRFjovrzH13KSDCw&amp;oe=67142DE9\" alt=\"Puede ser una imagen de 9 personas, multitud y texto\" width=\"431\" height=\"242\" \/> <img loading=\"lazy\" decoding=\"async\" class=\"\" src=\"https:\/\/scontent.fmdz4-1.fna.fbcdn.net\/v\/t39.30808-6\/463260502_853774336952839_6626207220277121709_n.jpg?_nc_cat=108&amp;ccb=1-7&amp;_nc_sid=127cfc&amp;_nc_ohc=jFQh64UApNQQ7kNvgE4DFR9&amp;_nc_zt=23&amp;_nc_ht=scontent.fmdz4-1.fna&amp;_nc_gid=A28bHUb5WDS4hnHD5Tf2L3Q&amp;oh=00_AYA6JbhQcSEPRw7r2B4wEVESDjYsEXfp0qkWza8YWbwUWg&amp;oe=67142A02\" alt=\"Puede ser una imagen de 3 personas\" width=\"431\" height=\"242\" \/><\/p>\n<p><span style=\"color: #000000;\">Graciela, una de las feriantes que est\u00e1 desde los inicios en la Multi Feria del Barrio San Carlos, comparti\u00f3 una reflexi\u00f3n en estos 10 a\u00f1os: <strong><em>\u201cyo vengo a la multiferia como si fuera mi casa, porque me hace falta, y le he aprendido a querer a toda la gente, vengo, ayudo en lo que puedo, yo vivo por esta feria, todos los s\u00e1bados estamos ac\u00e1 presentes y toda la gente viene por lo mismo, entre todos nos estamos ayudando, esto es una salida laboral hermosa porque, entre nosotros nos estamos dando una mano uno al otro\u201d.<\/em><\/strong><\/span><\/p>\n","protected":false},"excerpt":{"rendered":"<p>Se celebraron 10 a\u00f1os de actividad ininterrumpida de la Multi Feria del Barrio San Carlos, con un festejo acorde a todo &#8230;<\/p>\n","protected":false},"author":7,"featured_media":140558,"comment_status":"open","ping_status":"open","sticky":false,"template":"","format":"standard","meta":{"footnotes":""},"categories":[5,11],"tags":[],"class_list":["post-140557","post","type-post","status-publish","format-standard","has-post-thumbnail","hentry","category-actualidad","category-sociales"],"_links":{"self":[{"href":"https:\/\/vinasfm.com\/noticias\/wp-json\/wp\/v2\/posts\/140557","targetHints":{"allow":["GET"]}}],"collection":[{"href":"https:\/\/vinasfm.com\/noticias\/wp-json\/wp\/v2\/posts"}],"about":[{"href":"https:\/\/vinasfm.com\/noticias\/wp-json\/wp\/v2\/types\/post"}],"author":[{"embeddable":true,"href":"https:\/\/vinasfm.com\/noticias\/wp-json\/wp\/v2\/users\/7"}],"replies":[{"embeddable":true,"href":"https:\/\/vinasfm.com\/noticias\/wp-json\/wp\/v2\/comments?post=140557"}],"version-history":[{"count":1,"href":"https:\/\/vinasfm.com\/noticias\/wp-json\/wp\/v2\/posts\/140557\/revisions"}],"predecessor-version":[{"id":140559,"href":"https:\/\/vinasfm.com\/noticias\/wp-json\/wp\/v2\/posts\/140557\/revisions\/140559"}],"wp:featuredmedia":[{"embeddable":true,"href":"https:\/\/vinasfm.com\/noticias\/wp-json\/wp\/v2\/media\/140558"}],"wp:attachment":[{"href":"https:\/\/vinasfm.com\/noticias\/wp-json\/wp\/v2\/media?parent=140557"}],"wp:term":[{"taxonomy":"category","embeddable":true,"href":"https:\/\/vinasfm.com\/noticias\/wp-json\/wp\/v2\/categories?post=140557"},{"taxonomy":"post_tag","embeddable":true,"href":"https:\/\/vinasfm.com\/noticias\/wp-json\/wp\/v2\/tags?post=140557"}],"curies":[{"name":"wp","href":"https:\/\/api.w.org\/{rel}","templated":true}]}}