{"id":140553,"date":"2024-10-15T08:32:28","date_gmt":"2024-10-15T11:32:28","guid":{"rendered":"https:\/\/vinasfm.com\/noticias\/?p=140553"},"modified":"2024-10-16T09:51:41","modified_gmt":"2024-10-16T12:51:41","slug":"vialidad-mendoza-mejora-la-ruta-al-pueblo-de-las-casas-vivas-y-al-que-fue-un-centro-minero","status":"publish","type":"post","link":"https:\/\/vinasfm.com\/noticias\/vialidad-mendoza-mejora-la-ruta-al-pueblo-de-las-casas-vivas-y-al-que-fue-un-centro-minero\/","title":{"rendered":"VIALIDAD MENDOZA MEJORA LA RUTA AL PUEBLO DE LAS CASAS VIVAS Y AL QUE FUE UN CENTRO MINERO"},"content":{"rendered":"<h4><span style=\"color: #000000;\">Contin\u00faan los trabajos de conservaci\u00f3n en caminos rurales y del secano.\u00a0<\/span><\/h4>\n<p><span style=\"color: #000000;\">Durante todo septiembre y parte de octubre, <strong>Vialidad Mendoza<\/strong> trabaj\u00f3, y a\u00fan lo sigue haciendo, en el mejoramiento de la Ruta Provincial 190, <strong>un alejado camino de suelo natural en el Sur provincial, que une a dos remotos pueblos mendocinos: Punta del Agua y Agua Escondida.\u00a0<\/strong><\/span><\/p>\n<p><span style=\"color: #000000;\">Los operarios de la <strong>Direcci\u00f3n Provincial de Vialidad<\/strong> (DPV)<strong> han atendido m\u00e1s de 130 kil\u00f3metros del camino para emparejarlo, mejorar algunos sectores cr\u00edticos y conseguir que permanezca transitable, dentro de las limitaciones que imponen las rutas de tierra.\u00a0<\/strong><\/span><\/p>\n<p><span style=\"color: #000000;\">El primero de los pueblos, <strong>ubicado en San Rafael, es un peque\u00f1o vergel en <\/strong><\/span><span style=\"color: #000000;\"><strong>medio del desierto, un oasis agr\u00edcola donde el agua brota de los manantiales y desde donde parte un acueducto de 90 kil\u00f3metros que provee de agua a dos localidades de la provincia de La Pampa.<\/strong> Pero adem\u00e1s es el pueblo de las Casas Vivas, casas hechas de \u00e1rboles plantados, a los que les dieron forma a medida que fueron creciendo para conformar un espacio habitable, una atracci\u00f3n tur\u00edstica apostada en un camping, idea que hace muchos a\u00f1os se le ocurri\u00f3 a un alvearense que emigr\u00f3 a Punta del Agua.\u00a0<\/span><\/p>\n<p><span style=\"color: #000000;\"><strong>Punta del Agua est\u00e1 a 380 kil\u00f3metros de la ciudad de Mendoza y a 92,2 km al sur de la ciudad de General Alvear<\/strong>, desde donde se puede acceder hasta esta localidad provincial de unos 1.500 habitantes.<\/span><\/p>\n<p><img loading=\"lazy\" decoding=\"async\" class=\"\" src=\"https:\/\/www.mendoza.gov.ar\/wp-content\/uploads\/sites\/5\/2024\/10\/Punta-del-Agua.jpg\" width=\"582\" height=\"328\" \/><\/p>\n<p><span style=\"color: #000000;\">La RP 190 nace en la Ruta Nacional 143 recorre 46,6 km hacia el oeste <\/span><span style=\"color: #000000;\">antes de llegar a Punta del Agua. Luego, el camino sigue hacia el sur surcando el desierto 82,6 km m\u00e1s, hasta llegar a un centenario ex pueblo minero que hoy se dedica a la ganader\u00eda caprina, bovina y ovina.\u00a0\u00a0<\/span><\/p>\n<p><span style=\"color: #000000;\">Se trata de <strong>Agua Escondida, en el extremo sur de Malarg\u00fce y en el l\u00edmite con la provincia de La Pampa. Con unos 500 habitantes<\/strong>, este pueblo ubicado sobre una formaci\u00f3n geol\u00f3gica que tiene el mismo nombre fue en el pasado un importante centro minero de extracci\u00f3n de cuarzo y manganeso.\u00a0<\/span><\/p>\n<p><strong><span style=\"color: #000000;\">Agua Escondida est\u00e1 a 179 km de la ciudad de Malarg\u00fce, a 175 km de la <\/span><span style=\"color: #000000;\">ciudad de General Alvear y a 463 km de la ciudad de Mendoza si se elige la <\/span><span style=\"color: #000000;\">conexi\u00f3n por Alvear, por la que se llega m\u00e1s directo a la RP 190.\u00a0<\/span><\/strong><\/p>\n<p><img loading=\"lazy\" decoding=\"async\" class=\"\" src=\"https:\/\/www.mendoza.gov.ar\/wp-content\/uploads\/sites\/5\/2024\/10\/agua-escondida.jpg\" width=\"583\" height=\"331\" \/><\/p>\n<p><span style=\"color: #000000;\">En tanto, dista a 503 km si el recorrido se hace desde la capital mendocina por Malarg\u00fce, para lo cual, una vez pasada la villa cabecera del departamento, hay que desviarse tambi\u00e9n por un largo recorrido de suelo natural que incluye la Ruta Nacional 186, que pasa por la antena de la Agencia Espacial Europea y por Llancanelo. Luego, por la RP 180, para finalmente empalmar en La Salinilla, con la RP 190 que conduce a Agua Escondida.<\/span><\/p>\n","protected":false},"excerpt":{"rendered":"<p>Contin\u00faan los trabajos de conservaci\u00f3n en caminos rurales y del secano.\u00a0 Durante todo septiembre y parte de octubre, Vialidad Mendoza trabaj\u00f3, &#8230;<\/p>\n","protected":false},"author":7,"featured_media":140554,"comment_status":"open","ping_status":"open","sticky":false,"template":"","format":"standard","meta":{"footnotes":""},"categories":[10,79],"tags":[],"class_list":["post-140553","post","type-post","status-publish","format-standard","has-post-thumbnail","hentry","category-destacadas","category-vialidad"],"_links":{"self":[{"href":"https:\/\/vinasfm.com\/noticias\/wp-json\/wp\/v2\/posts\/140553","targetHints":{"allow":["GET"]}}],"collection":[{"href":"https:\/\/vinasfm.com\/noticias\/wp-json\/wp\/v2\/posts"}],"about":[{"href":"https:\/\/vinasfm.com\/noticias\/wp-json\/wp\/v2\/types\/post"}],"author":[{"embeddable":true,"href":"https:\/\/vinasfm.com\/noticias\/wp-json\/wp\/v2\/users\/7"}],"replies":[{"embeddable":true,"href":"https:\/\/vinasfm.com\/noticias\/wp-json\/wp\/v2\/comments?post=140553"}],"version-history":[{"count":1,"href":"https:\/\/vinasfm.com\/noticias\/wp-json\/wp\/v2\/posts\/140553\/revisions"}],"predecessor-version":[{"id":140555,"href":"https:\/\/vinasfm.com\/noticias\/wp-json\/wp\/v2\/posts\/140553\/revisions\/140555"}],"wp:featuredmedia":[{"embeddable":true,"href":"https:\/\/vinasfm.com\/noticias\/wp-json\/wp\/v2\/media\/140554"}],"wp:attachment":[{"href":"https:\/\/vinasfm.com\/noticias\/wp-json\/wp\/v2\/media?parent=140553"}],"wp:term":[{"taxonomy":"category","embeddable":true,"href":"https:\/\/vinasfm.com\/noticias\/wp-json\/wp\/v2\/categories?post=140553"},{"taxonomy":"post_tag","embeddable":true,"href":"https:\/\/vinasfm.com\/noticias\/wp-json\/wp\/v2\/tags?post=140553"}],"curies":[{"name":"wp","href":"https:\/\/api.w.org\/{rel}","templated":true}]}}