{"id":140549,"date":"2024-10-15T08:25:08","date_gmt":"2024-10-15T11:25:08","guid":{"rendered":"https:\/\/vinasfm.com\/noticias\/?p=140549"},"modified":"2024-10-16T09:53:19","modified_gmt":"2024-10-16T12:53:19","slug":"mas-de-10-mil-personas-presenciaron-el-aero-show-este-fin-de-semana","status":"publish","type":"post","link":"https:\/\/vinasfm.com\/noticias\/mas-de-10-mil-personas-presenciaron-el-aero-show-este-fin-de-semana\/","title":{"rendered":"M\u00c1S DE 10 MIL PERSONAS PRESENCIARON EL AERO SHOW ESTE FIN DE SEMANA"},"content":{"rendered":"<h4><span style=\"color: #000000;\">Este fin de semana, el Aeroclub de General Alvear fue el escenario de un evento sin precedentes: el Show A\u00e9reo. <\/span><\/h4>\n<p><span style=\"color: #000000;\">Con la participaci\u00f3n de m\u00e1s de 10.000 visitantes, la ocasi\u00f3n se convirti\u00f3 en una celebraci\u00f3n de la aeron\u00e1utica que atrajo a familias y entusiastas de todas partes del pa\u00eds.<\/span><\/p>\n<p><span style=\"color: #000000;\">La<em> presidenta del Aeroclub<\/em>, <span style=\"color: #003366;\"><strong>Anal\u00eda Garc\u00eda<\/strong><\/span>, destac\u00f3 que el evento <strong>reuni\u00f3 a acr\u00f3batas y pilotos provenientes de diversas regiones, convirti\u00e9ndose en una gran actividad aeron\u00e1utica en el Sur Mendocino.<\/strong> <em><strong>\u201cEste es un evento \u00fanico que buscamos establecer como una tradici\u00f3n anual en nuestra regi\u00f3n\u201d<\/strong><\/em>, coment\u00f3 Garc\u00eda, enfatizando el esfuerzo colaborativo entre el Aeroclub y otros festivales para lograr su realizaci\u00f3n.<\/span><\/p>\n<p><span style=\"color: #000000;\">Los asistentes disfrutaron de una variedad de movimientos a\u00e9reos: <em>vuelos de bautismo, paracaidismo, acrobacias a\u00e9reas y un globo aerost\u00e1tico fueron solo algunas de las atracciones.<\/em> Adem\u00e1s, m\u00e1s de 60 aviones de Argentina y Chile adornaron el cielo con sus maniobras espectaculares.<strong> Tambi\u00e9n hubo saltos acrob\u00e1ticos de motos, lo que a\u00f1adi\u00f3 un toque extra de emoci\u00f3n al espect\u00e1culo.<\/strong><\/span><\/p>\n<p><img loading=\"lazy\" decoding=\"async\" class=\"\" src=\"https:\/\/scontent.fmdz5-1.fna.fbcdn.net\/v\/t51.75761-15\/463008403_18320314711082085_3278378345860588342_n.jpg?_nc_cat=103&amp;ccb=1-7&amp;_nc_sid=127cfc&amp;_nc_ohc=_lnXF21e6_AQ7kNvgGEXoli&amp;_nc_zt=23&amp;_nc_ht=scontent.fmdz5-1.fna&amp;_nc_gid=AxBmcfYVk_DRYa1hwe9KIxq&amp;oh=00_AYAsO7NbWq2Y3sDQzSIzXvKpshoLV9OjY1koDGje8A1TeA&amp;oe=6714096E\" alt=\"Puede ser una imagen de 1 persona y haciendo paracaidismo\" width=\"430\" height=\"287\" \/> <img loading=\"lazy\" decoding=\"async\" class=\"\" src=\"https:\/\/scontent.fmdz5-1.fna.fbcdn.net\/v\/t51.75761-15\/463137003_18320314813082085_268210218063602605_n.jpg?_nc_cat=101&amp;ccb=1-7&amp;_nc_sid=127cfc&amp;_nc_ohc=Oo-CsZMjDgMQ7kNvgEedf7S&amp;_nc_zt=23&amp;_nc_ht=scontent.fmdz5-1.fna&amp;_nc_gid=A_4KnET2LzKHbg86Eod9PbQ&amp;oh=00_AYBkSlUQDgMGQ0k6iHG725nUg8hNw9wF1YQdNQCPfUy0XQ&amp;oe=67143490\" alt=\"Puede ser una imagen de dirigible, helic\u00f3ptero y texto\" width=\"430\" height=\"287\" \/><\/p>\n<p><span style=\"color: #000000;\">El <strong><span style=\"color: #003366;\">Intendente Alejandro Molero<\/span><\/strong> expres\u00f3 su satisfacci\u00f3n por la respuesta del p\u00fablico y la importancia del evento para la comunidad. <em><strong>\u201cEstamos felices de poder compartir este show a\u00e9reo con nuestro pueblo y recibir a cientos de visitantes que llenan cada rinc\u00f3n de General Alvear\u201d<\/strong><\/em>, afirm\u00f3 Molero. Destac\u00f3 que la organizaci\u00f3n del evento fue un esfuerzo conjunto entre el Estado, los privados y las instituciones locales como el Aeroclub. <strong><em>\u201cQueremos que este show a\u00e9reo forme parte del calendario nacional, ayudando a nuestra econom\u00eda en tiempos dif\u00edciles\u201d<\/em><\/strong>, a\u00f1adi\u00f3.<\/span><\/p>\n<p><span style=\"color: #000000;\">Por su parte, J<span style=\"color: #003366;\"><strong>orge Malatini<\/strong><\/span>, <em>piloto acrob\u00e1tico con una trayectoria de 44 a\u00f1os en acrobacia y 30 a\u00f1os en vuelos comerciales<\/em>, agradeci\u00f3 a la comunidad alvearense por su apoyo y subray\u00f3 la importancia de los aeroclubes en la formaci\u00f3n de nuevos pilotos. <strong>Malatini alent\u00f3 a los j\u00f3venes a perseguir sus sue\u00f1os en el \u00e1mbito aeron\u00e1utico con dedicaci\u00f3n y disciplina.<\/strong><\/span><\/p>\n<p><img loading=\"lazy\" decoding=\"async\" class=\"\" src=\"https:\/\/scontent.fmdz5-1.fna.fbcdn.net\/v\/t51.75761-15\/462816996_18320314756082085_2667684380048735137_n.jpg?_nc_cat=106&amp;ccb=1-7&amp;_nc_sid=127cfc&amp;_nc_ohc=Tlv_F9EaoOcQ7kNvgHouyiJ&amp;_nc_zt=23&amp;_nc_ht=scontent.fmdz5-1.fna&amp;_nc_gid=AZIgbSvgI_uZlqV-v2D-vy6&amp;oh=00_AYCX7ISOg71-kAWA1K4vSNRoPmYkrFALHJCKFL-HyJ4nFw&amp;oe=67140C53\" alt=\"Puede ser una imagen de 6 personas y multitud\" width=\"431\" height=\"288\" \/> <img loading=\"lazy\" decoding=\"async\" class=\"\" src=\"https:\/\/scontent.fmdz4-1.fna.fbcdn.net\/v\/t51.75761-15\/462830247_18320314849082085_371349808541637881_n.jpg?_nc_cat=102&amp;ccb=1-7&amp;_nc_sid=127cfc&amp;_nc_ohc=B9Rg-0ch4b4Q7kNvgGOZQUW&amp;_nc_zt=23&amp;_nc_ht=scontent.fmdz4-1.fna&amp;_nc_gid=AkJ4LWm4mfJMYpt9hqj8mTT&amp;oh=00_AYDAIk1aHFucB8cMU0aUGrW4nWF_m1qIN7tKv4U2Y1ml3Q&amp;oe=67142196\" alt=\"Puede ser una imagen de 6 personas, altavoz y multitud\" width=\"431\" height=\"288\" \/><\/p>\n","protected":false},"excerpt":{"rendered":"<p>Este fin de semana, el Aeroclub de General Alvear fue el escenario de un evento sin precedentes: el Show A\u00e9reo. Con &#8230;<\/p>\n","protected":false},"author":7,"featured_media":140550,"comment_status":"open","ping_status":"open","sticky":false,"template":"","format":"standard","meta":{"footnotes":""},"categories":[5,10],"tags":[],"class_list":["post-140549","post","type-post","status-publish","format-standard","has-post-thumbnail","hentry","category-actualidad","category-destacadas"],"_links":{"self":[{"href":"https:\/\/vinasfm.com\/noticias\/wp-json\/wp\/v2\/posts\/140549","targetHints":{"allow":["GET"]}}],"collection":[{"href":"https:\/\/vinasfm.com\/noticias\/wp-json\/wp\/v2\/posts"}],"about":[{"href":"https:\/\/vinasfm.com\/noticias\/wp-json\/wp\/v2\/types\/post"}],"author":[{"embeddable":true,"href":"https:\/\/vinasfm.com\/noticias\/wp-json\/wp\/v2\/users\/7"}],"replies":[{"embeddable":true,"href":"https:\/\/vinasfm.com\/noticias\/wp-json\/wp\/v2\/comments?post=140549"}],"version-history":[{"count":1,"href":"https:\/\/vinasfm.com\/noticias\/wp-json\/wp\/v2\/posts\/140549\/revisions"}],"predecessor-version":[{"id":140551,"href":"https:\/\/vinasfm.com\/noticias\/wp-json\/wp\/v2\/posts\/140549\/revisions\/140551"}],"wp:featuredmedia":[{"embeddable":true,"href":"https:\/\/vinasfm.com\/noticias\/wp-json\/wp\/v2\/media\/140550"}],"wp:attachment":[{"href":"https:\/\/vinasfm.com\/noticias\/wp-json\/wp\/v2\/media?parent=140549"}],"wp:term":[{"taxonomy":"category","embeddable":true,"href":"https:\/\/vinasfm.com\/noticias\/wp-json\/wp\/v2\/categories?post=140549"},{"taxonomy":"post_tag","embeddable":true,"href":"https:\/\/vinasfm.com\/noticias\/wp-json\/wp\/v2\/tags?post=140549"}],"curies":[{"name":"wp","href":"https:\/\/api.w.org\/{rel}","templated":true}]}}