{"id":140478,"date":"2024-10-11T09:20:21","date_gmt":"2024-10-11T12:20:21","guid":{"rendered":"https:\/\/vinasfm.com\/noticias\/?p=140478"},"modified":"2024-10-14T10:24:58","modified_gmt":"2024-10-14T13:24:58","slug":"la-inflacion-de-septiembre-en-mendoza-fue-del-27-casi-un-punto-menos-que-la-nacional","status":"publish","type":"post","link":"https:\/\/vinasfm.com\/noticias\/la-inflacion-de-septiembre-en-mendoza-fue-del-27-casi-un-punto-menos-que-la-nacional\/","title":{"rendered":"LA INFLACI\u00d3N DE SEPTIEMBRE EN MENDOZA FUE DEL 2,7% CASI UN PUNTO MENOS QUE LA NACIONAL"},"content":{"rendered":"<h4><span style=\"color: #000000;\">Seg\u00fan la DEIE la inflaci\u00f3n en Mendoza lleg\u00f3 en septiembre al 2,7%. A nivel nacional, el INDEC inform\u00f3 que el \u00edndice se elev\u00f3 3,5% respecto de agosto.<\/span><\/h4>\n<article class=\"article-body first\">\n<div class=\"article-content\">\n<div class=\"cuerpo\" data-twitter-link=\"\">\n<p><span style=\"color: #000000;\">Con n\u00fameros dispares para Mendoza y para el pa\u00eds, se conocieron este jueves los porcentajes de\u00a0<strong>inflaci\u00f3n\u00a0<\/strong>del mes de septiembre. En Mendoza, la\u00a0<strong>DEIE\u00a0<\/strong>(Direcci\u00f3n de Estad\u00edsticas e Investigaciones Econ\u00f3micas) fue de 2,7%. En el orden nacional fue m\u00e1s elevada: el\u00a0<strong>INDEC\u00a0<\/strong>indic\u00f3 que fue del 3,5%.<\/span><\/p>\n<\/div>\n<\/div>\n<\/article>\n<article class=\"article-body\">\n<div class=\"article-content\">\n<div class=\"cuerpo\" data-twitter-link=\"\">\n<p><span style=\"color: #000000;\">Seg\u00fan el organismo oficial que mide el \u00edndice del costo de vida en Mendoza, la inflaci\u00f3n baj\u00f3 casi dos puntos respecto del mes anterior cuando fue del 4,6%. En ese mes fue m\u00e1s alto el porcentaje en Mendoza respecto del pa\u00eds, con 4,2%.<\/span><\/p>\n<p><span style=\"color: #000000;\">El 2,7% reportado en Mendoza fue el porcentaje m\u00e1s bajo en dos a\u00f1os y medio. En los \u00faltimos 18 meses nunca hab\u00eda bajado del 3%.<\/span><\/p>\n<p><span style=\"color: #000000;\">Desde enero hasta septiembre,<strong>\u00a0la inflaci\u00f3n acumulada en Mendoza es del 93,3%,\u00a0<\/strong>unos 8 puntos menos que la nacional. En tanto, desde septiembre de 2023, es decir en un a\u00f1o, el porcentaje llega al 197,7%.<\/span><\/p>\n<h2><span style=\"color: #000000;\">A nivel nacional, la inflaci\u00f3n m\u00e1s baja desde noviembre pasado<\/span><\/h2>\n<p><span style=\"color: #000000;\">El\u00a0<strong>Instituto Nacional de Estad\u00edstica y Censos<\/strong>\u00a0(INDEC) dio a conocer este jueves el esperado dato de inflaci\u00f3n de septiembre que fue del<strong>\u00a03,5%<\/strong>\u00a0y rompi\u00f3 el piso del 4%, tal como esperaban desde el gobierno.<\/span><\/p>\n<p><span style=\"color: #000000;\">De esta manera, los precios al consumidor acumularon\u00a0<strong>un alza de 101,6% en los primeros nueve meses del a\u00f1o<\/strong><\/span><\/p>\n<p><span style=\"color: #000000;\">El \u00edndice no bajaba del 4% desde enero de 2022, cuando se fij\u00f3 en 3,9%.Adem\u00e1s, el n\u00famero registrado en el noveno mes del a\u00f1o fue\u00a0<strong>el m\u00e1s bajo desde noviembre 2021.<\/strong><\/span><\/p>\n<p><span style=\"color: #000000;\"><strong>La variaci\u00f3n interanual del IPC Nacional fue de 209% i.a., siendo el quinto mes consecutivo de desaceleraci\u00f3n en la comparaci\u00f3n contra igual mes del a\u00f1o anterior\u00bb, destacaron desde el ministerio de Econom\u00eda.<\/strong><\/span><\/p>\n<\/div>\n<\/div>\n<\/article>\n","protected":false},"excerpt":{"rendered":"<p>Seg\u00fan la DEIE la inflaci\u00f3n en Mendoza lleg\u00f3 en septiembre al 2,7%. A nivel nacional, el INDEC inform\u00f3 que el \u00edndice &#8230;<\/p>\n","protected":false},"author":7,"featured_media":121215,"comment_status":"open","ping_status":"open","sticky":false,"template":"","format":"standard","meta":{"footnotes":""},"categories":[16,193],"tags":[],"class_list":["post-140478","post","type-post","status-publish","format-standard","has-post-thumbnail","hentry","category-economia","category-inflacion"],"_links":{"self":[{"href":"https:\/\/vinasfm.com\/noticias\/wp-json\/wp\/v2\/posts\/140478","targetHints":{"allow":["GET"]}}],"collection":[{"href":"https:\/\/vinasfm.com\/noticias\/wp-json\/wp\/v2\/posts"}],"about":[{"href":"https:\/\/vinasfm.com\/noticias\/wp-json\/wp\/v2\/types\/post"}],"author":[{"embeddable":true,"href":"https:\/\/vinasfm.com\/noticias\/wp-json\/wp\/v2\/users\/7"}],"replies":[{"embeddable":true,"href":"https:\/\/vinasfm.com\/noticias\/wp-json\/wp\/v2\/comments?post=140478"}],"version-history":[{"count":1,"href":"https:\/\/vinasfm.com\/noticias\/wp-json\/wp\/v2\/posts\/140478\/revisions"}],"predecessor-version":[{"id":140479,"href":"https:\/\/vinasfm.com\/noticias\/wp-json\/wp\/v2\/posts\/140478\/revisions\/140479"}],"wp:featuredmedia":[{"embeddable":true,"href":"https:\/\/vinasfm.com\/noticias\/wp-json\/wp\/v2\/media\/121215"}],"wp:attachment":[{"href":"https:\/\/vinasfm.com\/noticias\/wp-json\/wp\/v2\/media?parent=140478"}],"wp:term":[{"taxonomy":"category","embeddable":true,"href":"https:\/\/vinasfm.com\/noticias\/wp-json\/wp\/v2\/categories?post=140478"},{"taxonomy":"post_tag","embeddable":true,"href":"https:\/\/vinasfm.com\/noticias\/wp-json\/wp\/v2\/tags?post=140478"}],"curies":[{"name":"wp","href":"https:\/\/api.w.org\/{rel}","templated":true}]}}