{"id":140467,"date":"2024-10-11T08:21:56","date_gmt":"2024-10-11T11:21:56","guid":{"rendered":"https:\/\/vinasfm.com\/noticias\/?p=140467"},"modified":"2024-10-12T10:22:26","modified_gmt":"2024-10-12T13:22:26","slug":"con-una-inversion-de-3-500-millones-de-pesos-mendoza-suma-nuevos-patrulleros-a-seguridad-y-mas-policias","status":"publish","type":"post","link":"https:\/\/vinasfm.com\/noticias\/con-una-inversion-de-3-500-millones-de-pesos-mendoza-suma-nuevos-patrulleros-a-seguridad-y-mas-policias\/","title":{"rendered":"CON UNA INVERSI\u00d3N DE 3.500 MILLONES DE PESOS, MENDOZA SUMA NUEVOS PATRULLEROS A SEGURIDAD Y M\u00c1S POLIC\u00cdAS"},"content":{"rendered":"<h4><span style=\"color: #000000;\">El Gobernador y la ministra de Seguridad y Justicia presentaron las nuevas incorporaciones al sistema de seguridad provincial. Se suman 240 nuevos polic\u00edas y 123 patrulleros. Adem\u00e1s, anunciaron una beca de 200 mil pesos para estudiantes del Instituto de Seguridad en Mendoza.<\/span><\/h4>\n<p><span style=\"color: #000000;\">En la Base C\u00f3ndor, el Gobernador Alfredo Cornejo y la ministra de Seguridad y Justicia, Mercedes Rus, presentaron a los nuevos polic\u00edas que se suman a la fuerza policial. Adem\u00e1s, anunciaron la adquisici\u00f3n de nuevas movilidades. Estuvieron acompa\u00f1ados por la vicegobernadora, Hebe Casado; el director general de Polic\u00edas, Marcelo Calipo; el subdirector general de Polic\u00edas, Roberto Favaro, la c\u00fapula del ministerio y los jefes policiales.<\/span><\/p>\n<h2><span style=\"color: #000000;\"><strong>Beca universal para aspirantes a polic\u00edas y penitenciarios<\/strong><\/span><\/h2>\n<p><span style=\"color: #003366;\"><strong>El Gobernador<\/strong><\/span><span style=\"color: #000000;\"> sum\u00f3 otro anuncio a las novedades de la jornada. Es que desde noviembre se otorgar\u00e1 una beca de 200 mil pesos a estudiantes del Instituto de Seguridad en Mendoza. El objetivo es incentivar la inscripci\u00f3n y premiar el esfuerzo de quienes se preparan para ser polic\u00edas.<\/span><\/p>\n<p><span style=\"color: #000000;\">Acto seguido, el mandatario dio la bienvenida a los nuevos agentes y agreg\u00f3 que es una de las profesiones m\u00e1s nobles que tiene la sociedad.<em><strong> \u201cQuiero decirles que hay gente que vulgariza nuestras profesiones diciendo cosas, nadie quiere ser polic\u00eda, nada m\u00e1s alejado a la realidad en Mendoza\u201d<\/strong><\/em>, y detall\u00f3 que, en los \u00faltimos meses,<em><strong> \u201ctuvimos 2.800 inscriptos y aceptamos el 17% de los que se inscribieron porque cumpl\u00edan con los requisitos, cada vez m\u00e1s exigentes\u201d<\/strong><\/em>. Con estos datos, el Gobernador se\u00f1al\u00f3 que hubo una selecci\u00f3n muy rigurosa para llegar a ser polic\u00eda en la provincia de Mendoza.<\/span><\/p>\n<h3><span style=\"color: #000000;\"><strong>La beca de $200 mil, en detalle<\/strong><\/span><\/h3>\n<p><span style=\"color: #000000;\">A partir de noviembre de este a\u00f1o, el <strong>Ministerio de Seguridad y Justicia<\/strong> <strong>otorgar\u00e1 una beca universal para los aspirantes a polic\u00edas y penitenciarios de $200 mil. Adem\u00e1s, esta iniciativa ser\u00e1 extendida a los aspirantes que inicien su formaci\u00f3n el pr\u00f3ximo a\u00f1o.<\/strong> El objetivo es que puedan solventar gastos relacionados con su formaci\u00f3n, como transporte, material de estudio, refrigerios y fotocopias.<\/span><\/p>\n<p><span style=\"color: #000000;\">La medida tiene como finalidad fortalecer el desempe\u00f1o de los futuros profesionales, integr\u00e1ndolos al sistema desde el inicio de su formaci\u00f3n y reconociendo su esfuerzo al haber superado un exigente proceso de selecci\u00f3n. <strong>De los cerca de 2.800 inscriptos este a\u00f1o, solo el 17% logr\u00f3 pasar los filtros de ingreso.<\/strong> Esta beca busca acompa\u00f1ar y apoyar a quienes demostraron el compromiso y capacidad necesarios para avanzar en su carrera dentro de las fuerzas de seguridad.<\/span><\/p>\n<p><span style=\"color: #000000;\">De esta manera,<strong> a fines de este a\u00f1o se ver\u00e1n beneficiados 299 estudiantes del Instituto Universitario de Seguridad P\u00fablica<\/strong><em> (IUSP)<\/em><strong> que se encuentran cursando el Curso de Formaci\u00f3n Profesional B\u00e1sica para Auxiliares a la polic\u00eda y de 145 alumnos del Instituto de Formaci\u00f3n Penitenciaria <\/strong><em>(Infope)<\/em><strong>, del Curso de Formaci\u00f3n para Agentes Penitenciarios.<\/strong><\/span><\/p>\n<p><img loading=\"lazy\" decoding=\"async\" class=\"\" src=\"https:\/\/www.mendoza.gov.ar\/wp-content\/uploads\/sites\/5\/2024\/10\/DSC00963-700x467.jpg\" width=\"430\" height=\"287\" \/> <img loading=\"lazy\" decoding=\"async\" class=\"\" src=\"https:\/\/www.mendoza.gov.ar\/wp-content\/uploads\/sites\/5\/2024\/10\/DSC00920-700x467.jpg\" width=\"430\" height=\"287\" \/><\/p>\n<h2><span style=\"color: #000000;\"><strong>Se suman 240 nuevos polic\u00edas<\/strong><\/span><\/h2>\n<p><span style=\"color: #000000;\">Las autoridades provinciales presentaron este jueves a 240 nuevos polic\u00edas que se sumar\u00e1n a la fuerza policial de Mendoza y reforzar\u00e1n la seguridad en puntos estrat\u00e9gicos de la provincia.<\/span><\/p>\n<p><span style=\"color: #000000;\">En su discurso,<strong> el Gobernador ratific\u00f3 el compromiso de mejorar la seguridad en Mendoza<\/strong> mediante la revisi\u00f3n de pol\u00edticas y la colaboraci\u00f3n con la Justicia. Se\u00f1al\u00f3 que el plan que desarrolla la Provincia <strong><em>\u201cest\u00e1 en permanente revisi\u00f3n, con la obligaci\u00f3n de procurar m\u00e1s y mejores resultados en materia de seguridad p\u00fablica y en materia de tranquilidad para los mendocinos\u201d.<\/em> <\/strong>A esto sum\u00f3 que se han modificado leyes, procedimientos, y que adem\u00e1s se involucr\u00f3 a Justicia en materia de represi\u00f3n del delito, de la sanci\u00f3n y en la prevenci\u00f3n del delito.<\/span><\/p>\n<p><span style=\"color: #000000;\">En este sentido, destac\u00f3 el trabajo conjunto con el <strong>Poder Judicial y el Ministerio P\u00fablico Fiscal<\/strong>. Sum\u00f3 que la clave de la seguridad en Mendoza<em><strong> \u201ces tener un cuerpo policial cada vez m\u00e1s profesional\u201d<\/strong><\/em> y resalt\u00f3 la necesidad de tener presentes algunos puntos como el contexto macroecon\u00f3mico. A lo que a\u00f1adi\u00f3 que desde la Provincia <em><strong>\u201cseguimos equipando a la Polic\u00eda, incorporando personal y comprando m\u00f3viles, como estamos mostrando, y agreg\u00e1ndole tecnolog\u00eda a esta tarea\u201d.<\/strong><\/em><\/span><\/p>\n<p><span style=\"color: #000000;\">As\u00ed, el mandatario volvi\u00f3 a resaltar que la formaci\u00f3n policial actual es m\u00e1s exigente que en d\u00e9cadas pasadas, buscando profesionalizaci\u00f3n continua. Adem\u00e1s, sostuvo que a pesar de los desaf\u00edos econ\u00f3micos, se conf\u00eda en el crecimiento y reconocimiento de la Polic\u00eda, y destac\u00f3 la importancia de mantener la autoridad y mejorar la seguridad.<\/span><\/p>\n<p><span style=\"color: #000000;\"><em><strong>\u201cSi la econom\u00eda se estabiliza y vemos crecimiento econ\u00f3mico, yo estoy convencido de que la profesi\u00f3n de polic\u00eda va a seguir creciendo como una de las profesiones m\u00e1s nobles y reconocidas por el conjunto de la sociedad mendocina\u201d<\/strong><\/em>, puntualiz\u00f3.<\/span><\/p>\n<p><span style=\"color: #000000;\">Sobre las mejoras en el sistema de seguridad, Cornejo detall\u00f3 que existe una licitaci\u00f3n en marcha para c\u00e1maras de videovigilancia y programas espec\u00edficos de identificaciones de caras<em><strong> \u201cque nos permitir\u00e1 hacer una tarea m\u00e1s efectiva en la v\u00eda p\u00fablica de la que estamos haciendo\u201d.<\/strong><\/em><\/span><\/p>\n<p><span style=\"color: #000000;\">Antes de finalizar sus palabras, el Gobernador asegur\u00f3: <strong><em>\u201cVamos a seguir apostando a fortalecer la profesi\u00f3n policial\u201d<\/em><\/strong>, y afirm\u00f3 que <em><strong>\u201cnunca m\u00e1s vamos a dejar que sea perjudicada la polic\u00eda por una persona que haya hecho mal las cosas y nunca m\u00e1s vamos a dejar que sean demandados injustamente con denuncias falsas, como pas\u00f3 en otros tiempos y evitamos en estos tiempos\u201d.<\/strong><\/em><\/span><\/p>\n<p><img decoding=\"async\" src=\"https:\/\/www.mendoza.gov.ar\/wp-content\/uploads\/sites\/5\/2024\/10\/DSC00831-700x467.jpg\" \/><\/p>\n<h2><span style=\"color: #000000;\"><strong>Una inversi\u00f3n de m\u00e1s de 3.500 millones en seguridad<\/strong><\/span><\/h2>\n<p><span style=\"color: #000000;\"><em>La ministra<\/em> <span style=\"color: #003366;\"><strong>Mercedes Rus<\/strong> <\/span>puso en valor la presentaci\u00f3n de los nuevos polic\u00edas y afirm\u00f3 que van a ejercer una profesi\u00f3n fundamental y constitutiva del orden y de la paz social.<strong><em> \u201cEso es fundamental no solo en materia de seguridad, sino tambi\u00e9n para poder acceder a todos los derechos, para poder trabajar, para poder tener una provincia con el desarrollo que pretende el Gobierno de Mendoza, no solo en lo industrial y econ\u00f3mico, sino tambi\u00e9n en lo tur\u00edstico, en la miner\u00eda\u201d.<\/em><\/strong><\/span><\/p>\n<p><span style=\"color: #000000;\">Acto seguido, la funcionaria se\u00f1al\u00f3 que durante estos primeros meses de la segunda gesti\u00f3n del Gobernador Alfredo Cornejo a cargo de la Provincia, unos 600 polic\u00edas han sido incorporados a las fuerzas de la Polic\u00eda de Mendoza. As\u00ed, la ministra detall\u00f3 que Mendoza ha tenido avances significativos en materia de seguridad.<\/span><\/p>\n<p><span style=\"color: #000000;\"><strong><em>\u201cEsta inversi\u00f3n que ustedes ven aqu\u00ed, que tiene que ver con m\u00f3viles policiales, pero tambi\u00e9n para el Servicio Penitenciario, es una inversi\u00f3n de m\u00e1s de 3.500 millones. Es un desembolso de la Provincia a favor de que ese polic\u00eda que ponemos a custodiar a la sociedad mendocina sea un polic\u00eda que tenga los recursos necesarios\u201d<\/em><\/strong>, y a\u00f1adi\u00f3 que esta gesti\u00f3n significa <em><strong>\u201cvalorarlos a ustedes en su lugar de trabajo y en el ejercicio de la profesi\u00f3n que han elegido\u201d.<\/strong><\/em><\/span><\/p>\n<p><span style=\"color: #000000;\">Adem\u00e1s, Rus trajo a colaci\u00f3n que desde este a\u00f1o la Polic\u00eda de Mendoza cuenta con c\u00e1maras corporales. Se trata de una herramienta no solo fundamental para tener la evidencia de un determinado procedimiento, sino que sobre todo es una herramienta para proteger al personal policial.<\/span><\/p>\n<p><span style=\"color: #000000;\">La ministra tambi\u00e9n hizo especial hincapi\u00e9 en los avances tecnol\u00f3gicos que se llevan adelante desde la cartera de Seguridad y Justicia. En este sentido, hizo referencia al sistema del 911, que fue totalmente modificado y que adem\u00e1s cuenta con un\u00a0<em>software\u00a0<\/em>nuevo.<strong><em> \u201cEsta es la mejor herramienta, la mejor informaci\u00f3n para la Polic\u00eda de Mendoza y tambi\u00e9n para poder hacer abordajes m\u00e1s efectivos. Este sistema hoy permite geolocalizar a la persona que llama al 911 de manera inmediata, sin necesidad de estar consultando acerca de cu\u00e1l es su ubicaci\u00f3n o d\u00f3nde est\u00e1 la emergencia\u201d<\/em><\/strong>, detall\u00f3.<\/span><\/p>\n<p><span style=\"color: #000000;\">Mercedes Rus tambi\u00e9n agreg\u00f3 a sus palabras el detalle de los avances en materia legislativa: <strong><em>\u201cA partir de este a\u00f1o tambi\u00e9n acabamos de dar inicio a un paquete de normas que ha sido aprobado por la Legislatura, m\u00e1s de 11 leyes que son tambi\u00e9n herramientas para el ejercicio de la funci\u00f3n policial\u201d. Adem\u00e1s, resalt\u00f3 que esas mejoras se relacionan con la prevenci\u00f3n, Justicia, y las reformas en el C\u00f3digo Procesal necesarias para obtener mejores resultados en las tareas investigativas.<\/em><\/strong><\/span><\/p>\n<p><strong><em><span style=\"color: #000000;\">As\u00ed, tambi\u00e9n se refiri\u00f3 al sistema penitenciario al declarar que es \u201cfundamental que las personas que se reincorporan no cometan delitos, y para eso era necesaria toda esta reforma estructural que hemos hecho\u201d.<\/span><\/em><\/strong><\/p>\n<p><span style=\"color: #000000;\">Adem\u00e1s, trajo a colaci\u00f3n la reciente presentaci\u00f3n del sistema integral de antecedentes. <em><strong>\u201cEsto tambi\u00e9n funciona a favor del polic\u00eda que est\u00e1 en el ejercicio cotidiano, que est\u00e1 combatiendo directamente el delito, el tener una herramienta con informaci\u00f3n \u00edntegra de aquellos perfiles que son los m\u00e1s complicados dentro de la provincia de Mendoza\u201d.<\/strong><\/em><\/span><\/p>\n<h2><span style=\"color: #000000;\"><strong>Se suman 123 nuevos patrulleros<\/strong><\/span><\/h2>\n<p><span style=\"color: #000000;\">Este jueves se present\u00f3 la incorporaci\u00f3n de <strong>123 nuevos patrulleros equipados con tecnolog\u00eda de punta que mejorar\u00e1 significativamente la operatividad<\/strong> de la Polic\u00eda en las tareas de patrullaje.<\/span><\/p>\n<p><span style=\"color: #000000;\">La clave de esta nueva flota de patrulleros radica en su avanzado equipamiento tecnol\u00f3gico. <strong>Cada veh\u00edculo est\u00e1 dotado de c\u00e1maras de videovigilancia internas y externas, adem\u00e1s de computadoras a bordo que permiten procesar y transmitir im\u00e1genes en vivo al Centro de Emergencias Operativas (CEO).<\/strong> Esta capacidad tecnol\u00f3gica permite a los operadores monitorear situaciones en tiempo real, optimizando la respuesta policial y facilitando la determinaci\u00f3n de las rutas m\u00e1s eficientes para acudir a emergencias.<\/span><\/p>\n<p><span style=\"color: #000000;\"><strong>Un porcentaje de estos patrulleros tambi\u00e9n cuenta con sistemas de lectura autom\u00e1tica de patentes (ALPR), lo que representa un avance importante en las tareas de prevenci\u00f3n y control.<\/strong> Este sistema agiliza la identificaci\u00f3n de veh\u00edculos robados o sospechosos y proporciona evidencia digital que puede ser utilizada en procesos judiciales, acelerando la resoluci\u00f3n de casos y fortaleciendo las investigaciones policiales.<\/span><\/p>\n<p><span style=\"color: #000000;\">Adem\u00e1s,<strong> 20 de los veh\u00edculos incorporados cuentan con un innovador sistema de habit\u00e1culo tipo burbuja para detenidos, dise\u00f1ado espec\u00edficamente para garantizar la seguridad tanto del personal policial como de las personas bajo custodia.<\/strong> El espacio elimina los bordes filosos, minimizando el riesgo de autolesiones, y optimiza el espacio interior sin comprometer la ergonom\u00eda de la parte delantera donde viajan los conductores.<\/span><\/p>\n","protected":false},"excerpt":{"rendered":"<p>El Gobernador y la ministra de Seguridad y Justicia presentaron las nuevas incorporaciones al sistema de seguridad provincial. Se suman 240 &#8230;<\/p>\n","protected":false},"author":7,"featured_media":140468,"comment_status":"open","ping_status":"open","sticky":false,"template":"","format":"standard","meta":{"footnotes":""},"categories":[5,33],"tags":[],"class_list":["post-140467","post","type-post","status-publish","format-standard","has-post-thumbnail","hentry","category-actualidad","category-seguridad"],"_links":{"self":[{"href":"https:\/\/vinasfm.com\/noticias\/wp-json\/wp\/v2\/posts\/140467","targetHints":{"allow":["GET"]}}],"collection":[{"href":"https:\/\/vinasfm.com\/noticias\/wp-json\/wp\/v2\/posts"}],"about":[{"href":"https:\/\/vinasfm.com\/noticias\/wp-json\/wp\/v2\/types\/post"}],"author":[{"embeddable":true,"href":"https:\/\/vinasfm.com\/noticias\/wp-json\/wp\/v2\/users\/7"}],"replies":[{"embeddable":true,"href":"https:\/\/vinasfm.com\/noticias\/wp-json\/wp\/v2\/comments?post=140467"}],"version-history":[{"count":1,"href":"https:\/\/vinasfm.com\/noticias\/wp-json\/wp\/v2\/posts\/140467\/revisions"}],"predecessor-version":[{"id":140469,"href":"https:\/\/vinasfm.com\/noticias\/wp-json\/wp\/v2\/posts\/140467\/revisions\/140469"}],"wp:featuredmedia":[{"embeddable":true,"href":"https:\/\/vinasfm.com\/noticias\/wp-json\/wp\/v2\/media\/140468"}],"wp:attachment":[{"href":"https:\/\/vinasfm.com\/noticias\/wp-json\/wp\/v2\/media?parent=140467"}],"wp:term":[{"taxonomy":"category","embeddable":true,"href":"https:\/\/vinasfm.com\/noticias\/wp-json\/wp\/v2\/categories?post=140467"},{"taxonomy":"post_tag","embeddable":true,"href":"https:\/\/vinasfm.com\/noticias\/wp-json\/wp\/v2\/tags?post=140467"}],"curies":[{"name":"wp","href":"https:\/\/api.w.org\/{rel}","templated":true}]}}