{"id":140418,"date":"2024-10-09T20:45:13","date_gmt":"2024-10-09T23:45:13","guid":{"rendered":"https:\/\/vinasfm.com\/noticias\/?p=140418"},"modified":"2024-10-10T11:36:27","modified_gmt":"2024-10-10T14:36:27","slug":"el-gobernador-cornejo-recibio-a-un-empresario-que-invierte-en-mendoza-y-es-lider-en-venta-de-semillas-de-hortalizas-en-japon","status":"publish","type":"post","link":"https:\/\/vinasfm.com\/noticias\/el-gobernador-cornejo-recibio-a-un-empresario-que-invierte-en-mendoza-y-es-lider-en-venta-de-semillas-de-hortalizas-en-japon\/","title":{"rendered":"EL GOBERNADOR CORNEJO RECIBI\u00d3 A UN EMPRESARIO QUE INVIERTE EN MENDOZA Y ES L\u00cdDER EN VENTA DE SEMILLAS DE HORTALIZAS EN JAP\u00d3N"},"content":{"rendered":"<h4><strong>El mandatario se reuni\u00f3 con Tomohiro Nakada, que desde hace 15 a\u00f1os realiza inversiones en el Sur provincial. El empresario japon\u00e9s es l\u00edder en venta de semillas de hortalizas en Jap\u00f3n.<\/strong><\/h4>\n<p>El Gobernador Alfredo Cornejo recibi\u00f3 en el cuarto piso de la Casa de Gobierno a un importante empresario japon\u00e9s que desde hace 15 a\u00f1os realiza inversiones en nuestra provincia. El mandatario mantuvo una reuni\u00f3n con Tomohiro Nakada, de la empresa Salad Cosmo Ltda., que es l\u00edder en venta de semillas de hortalizas en Jap\u00f3n.<\/p>\n<p>Participaron en la reuni\u00f3n adem\u00e1s el ministro de Producci\u00f3n, Rodolfo Vargas Arizu, y el delegado de la zona Sur del Ministerio de Producci\u00f3n y Desarrollo, Andr\u00e9s Vavrik.<\/p>\n<p>Cornejo agradeci\u00f3 la visita de Nakada y que invierta en nuestra provincia.<em><strong> \u201cNos enorgullece su trabajo y estamos abiertos a nuevos emprendimientos en el Sur, en el Valle de Uco o el Este\u201d<\/strong><\/em>, sostuvo.<\/p>\n<p>A esto, el empresario remarc\u00f3 que es propietario de varios terrenos en San Luis y en General Alvear y cuenta con 600 hect\u00e1reas en el Sur provincial donde produce alfalfa. En la actualidad, la empresa adquiere semillas de hortalizas para la producci\u00f3n y posterior exportaci\u00f3n a Jap\u00f3n.<\/p>\n<p>Se dedican a la producci\u00f3n de ajo negro, que es org\u00e1nico y se produce mediante m\u00e9todos agr\u00edcolas sostenibles y respetuosos con el ambiente. <em><strong>\u201cMi relaci\u00f3n con la Argentina lleva 25 a\u00f1os y estamos adquiriendo semillas de hortalizas para la producci\u00f3n\u201d<\/strong><\/em>, dijo, y se\u00f1al\u00f3 que \u201cMendoza y San Luis tienen condiciones \u00f3ptimas para el desarrollo de esta semilla\u201d, sostuvo Nakada.<\/p>\n<p>El empresario le mostr\u00f3 al Gobernador folleter\u00eda donde, adem\u00e1s de los productos que comercializa, promociona a Mendoza en Jap\u00f3n.<em><strong> \u201cNuestro mercado es de 3 millones de d\u00f3lares aproximadamente y tenemos una producci\u00f3n de 300 toneladas por d\u00eda\u201d<\/strong><\/em>, cont\u00f3 el empresario, y asegur\u00f3 que compra 10 mil toneladas de semillas al a\u00f1o.<\/p>\n<p>Tanto el Gobernador como el ministro Vargas Arizu le comentaron a Nakada que se est\u00e1 trabajando en una nueva ley de semillas que beneficiar\u00e1 a la provincia con la llegada de m\u00e1s inversiones.<\/p>\n","protected":false},"excerpt":{"rendered":"<p>El mandatario se reuni\u00f3 con Tomohiro Nakada, que desde hace 15 a\u00f1os realiza inversiones en el Sur provincial. El empresario japon\u00e9s &#8230;<\/p>\n","protected":false},"author":7,"featured_media":140419,"comment_status":"open","ping_status":"open","sticky":false,"template":"","format":"standard","meta":{"footnotes":""},"categories":[5,10],"tags":[],"class_list":["post-140418","post","type-post","status-publish","format-standard","has-post-thumbnail","hentry","category-actualidad","category-destacadas"],"_links":{"self":[{"href":"https:\/\/vinasfm.com\/noticias\/wp-json\/wp\/v2\/posts\/140418","targetHints":{"allow":["GET"]}}],"collection":[{"href":"https:\/\/vinasfm.com\/noticias\/wp-json\/wp\/v2\/posts"}],"about":[{"href":"https:\/\/vinasfm.com\/noticias\/wp-json\/wp\/v2\/types\/post"}],"author":[{"embeddable":true,"href":"https:\/\/vinasfm.com\/noticias\/wp-json\/wp\/v2\/users\/7"}],"replies":[{"embeddable":true,"href":"https:\/\/vinasfm.com\/noticias\/wp-json\/wp\/v2\/comments?post=140418"}],"version-history":[{"count":1,"href":"https:\/\/vinasfm.com\/noticias\/wp-json\/wp\/v2\/posts\/140418\/revisions"}],"predecessor-version":[{"id":140420,"href":"https:\/\/vinasfm.com\/noticias\/wp-json\/wp\/v2\/posts\/140418\/revisions\/140420"}],"wp:featuredmedia":[{"embeddable":true,"href":"https:\/\/vinasfm.com\/noticias\/wp-json\/wp\/v2\/media\/140419"}],"wp:attachment":[{"href":"https:\/\/vinasfm.com\/noticias\/wp-json\/wp\/v2\/media?parent=140418"}],"wp:term":[{"taxonomy":"category","embeddable":true,"href":"https:\/\/vinasfm.com\/noticias\/wp-json\/wp\/v2\/categories?post=140418"},{"taxonomy":"post_tag","embeddable":true,"href":"https:\/\/vinasfm.com\/noticias\/wp-json\/wp\/v2\/tags?post=140418"}],"curies":[{"name":"wp","href":"https:\/\/api.w.org\/{rel}","templated":true}]}}