{"id":140369,"date":"2024-10-08T18:38:40","date_gmt":"2024-10-08T21:38:40","guid":{"rendered":"https:\/\/vinasfm.com\/noticias\/?p=140369"},"modified":"2024-10-08T18:38:40","modified_gmt":"2024-10-08T21:38:40","slug":"mendoza-tendra-kioscos-saludables-a-partir-del-2025","status":"publish","type":"post","link":"https:\/\/vinasfm.com\/noticias\/mendoza-tendra-kioscos-saludables-a-partir-del-2025\/","title":{"rendered":"MENDOZA TENDR\u00c1 KIOSCOS SALUDABLES A PARTIR DEL 2025"},"content":{"rendered":"<h4>Esto es posible gracias a la reglamentaci\u00f3n de la nueva Ley 9525, que propone articular acciones para cambiar la alimentaci\u00f3n de los ni\u00f1os en los establecimientos educativos.<\/h4>\n<p>El Gobierno de Mendoza, a trav\u00e9s del Ministerio de Salud y Deportes, impulsa un cambio en el paradigma de consumo dentro de las escuelas mendocinas.<\/p>\n<p>Con la aprobaci\u00f3n de la <strong>Ley de Prevenci\u00f3n y Promoci\u00f3n de la Salud 9525<\/strong>, que form\u00f3 parte del paquete de proyectos del <strong>Plan de Salud junto a otros 25 proyectos, el Ministerio de Salud y Deportes podr\u00e1 regular la implementaci\u00f3n de proyectos que tengan por objeto la prevenci\u00f3n y promoci\u00f3n de la salud.<\/strong><\/p>\n<p>Esta norma se suma a la <strong>Ley Nacional de Etiquetado Frontal<\/strong>, que en su Art\u00edculo 7 se\u00f1ala que <strong>en establecimientos educativos no se podr\u00e1n vender o publicitar alimentos con nutrientes cr\u00edticos y valores energ\u00e9ticos superiores a los establecidos en la Ley Nacional 27642<\/strong> mediante acciones comerciales o publicitarias.<\/p>\n<p>Por ello, <strong>los kioscos deber\u00e1n adaptar sus licitaciones para que<\/strong>, a partir del a\u00f1o que viene, <strong>solo se vendan productos libres de oct\u00f3gonos negros.<\/strong> De esta manera se promueven ambientes saludables en los entornos escolares.<\/p>\n<p>Al respecto, la <em>directora de Prevenci\u00f3n y Promoci\u00f3n de la Salud<\/em>, <span style=\"color: #003366;\"><strong>Yanina Mazzaresi,<\/strong><\/span> se\u00f1al\u00f3: <strong><em>\u201cA principio de a\u00f1o, el ministerio present\u00f3 un paquete de proyectos de ley en la Legislatura. Entre ellos, estuvo la Ley 9525, que es la Ley de Prevenci\u00f3n y Promoci\u00f3n de la salud, que busca mejorar los ambientes escolares para hacerlos m\u00e1s saludables. Pero adem\u00e1s es una ley integral, ambiciosa, que busca hablar de salud en todas las pol\u00edticas, para que exista transversalidad en toda la pol\u00edtica y que todos los estamentos gubernamentales pensemos en salud a la hora de nuestras decisiones\u201d.<\/em><\/strong><\/p>\n<p>En este sentido, la funcionaria de Salud puntualiz\u00f3:<strong><em> \u201cLa Ley de Etiquetado Frontal debe cumplirse en todo el territorio nacional y nos habla en uno de los art\u00edculos que no se pueden comercializar estos productos con sellos en las escuelas. Tampoco se puede destinar publicidad con premios o ciertos personajes que inviten a los adolescentes o ni\u00f1os a consumir este tipo de productos, porque los productos con sellos tienen nutrientes cr\u00edticos sobre los que est\u00e1 comprobado que su consumo, sobre todo a edades tempranas, predispone la aparici\u00f3n de enfermedades cr\u00f3nicas como la obesidad, la diabetes y las enfermedades cardiovasculares\u201d.<\/em><\/strong><\/p>\n<p>Adem\u00e1s, agreg\u00f3 que ya se est\u00e1 trabajando junto a otras \u00e1reas en la implementaci\u00f3n de esta ley. <strong><em>\u201cHemos tenido varias conversaciones y reuniones con el equipo de la Direcci\u00f3n General de Escuelas para sumarnos a las jornadas que cada a\u00f1o realizan en febrero, donde se discute el plan anual en las escuelas y, justamente, un punto que se va a incorporar es c\u00f3mo se van a trabajar los temas vinculados a la salud en el \u00e1mbito escolar\u201d<\/em><\/strong>, manifest\u00f3 Mazzaresi.<\/p>\n<p>Otra de las facultades del Ministerio de Salud y Deportes ser\u00e1 evaluar proyectos en base a criterios y objetivos de prevenci\u00f3n y promoci\u00f3n de la salud y se determinar\u00e1 la efectividad de las intervenciones y los ajustes seg\u00fan sea necesario. Asimismo, se establecer\u00e1 un sistema de monitoreo y seguimiento continuo de las acciones y se evaluar\u00e1n los resultados.<\/p>\n<p>Los datos ser\u00e1n utilizados para informar la toma de decisiones y orientar la planificaci\u00f3n futura de acciones en el \u00e1mbito de la prevenci\u00f3n y promoci\u00f3n de la salud, con el fin de optimizar los recursos y maximizar los beneficios para la poblaci\u00f3n.<\/p>\n","protected":false},"excerpt":{"rendered":"<p>Esto es posible gracias a la reglamentaci\u00f3n de la nueva Ley 9525, que propone articular acciones para cambiar la alimentaci\u00f3n de &#8230;<\/p>\n","protected":false},"author":7,"featured_media":140370,"comment_status":"open","ping_status":"open","sticky":false,"template":"","format":"standard","meta":{"footnotes":""},"categories":[1],"tags":[],"class_list":["post-140369","post","type-post","status-publish","format-standard","has-post-thumbnail","hentry","category-fmvinas"],"_links":{"self":[{"href":"https:\/\/vinasfm.com\/noticias\/wp-json\/wp\/v2\/posts\/140369","targetHints":{"allow":["GET"]}}],"collection":[{"href":"https:\/\/vinasfm.com\/noticias\/wp-json\/wp\/v2\/posts"}],"about":[{"href":"https:\/\/vinasfm.com\/noticias\/wp-json\/wp\/v2\/types\/post"}],"author":[{"embeddable":true,"href":"https:\/\/vinasfm.com\/noticias\/wp-json\/wp\/v2\/users\/7"}],"replies":[{"embeddable":true,"href":"https:\/\/vinasfm.com\/noticias\/wp-json\/wp\/v2\/comments?post=140369"}],"version-history":[{"count":1,"href":"https:\/\/vinasfm.com\/noticias\/wp-json\/wp\/v2\/posts\/140369\/revisions"}],"predecessor-version":[{"id":140371,"href":"https:\/\/vinasfm.com\/noticias\/wp-json\/wp\/v2\/posts\/140369\/revisions\/140371"}],"wp:featuredmedia":[{"embeddable":true,"href":"https:\/\/vinasfm.com\/noticias\/wp-json\/wp\/v2\/media\/140370"}],"wp:attachment":[{"href":"https:\/\/vinasfm.com\/noticias\/wp-json\/wp\/v2\/media?parent=140369"}],"wp:term":[{"taxonomy":"category","embeddable":true,"href":"https:\/\/vinasfm.com\/noticias\/wp-json\/wp\/v2\/categories?post=140369"},{"taxonomy":"post_tag","embeddable":true,"href":"https:\/\/vinasfm.com\/noticias\/wp-json\/wp\/v2\/tags?post=140369"}],"curies":[{"name":"wp","href":"https:\/\/api.w.org\/{rel}","templated":true}]}}