{"id":140317,"date":"2024-10-07T22:56:33","date_gmt":"2024-10-08T01:56:33","guid":{"rendered":"https:\/\/vinasfm.com\/noticias\/?p=140317"},"modified":"2024-10-08T10:14:39","modified_gmt":"2024-10-08T13:14:39","slug":"general-alvear-se-prepara-para-ser-sede-de-un-evento-deportivo-de-gimnasia-artistica","status":"publish","type":"post","link":"https:\/\/vinasfm.com\/noticias\/general-alvear-se-prepara-para-ser-sede-de-un-evento-deportivo-de-gimnasia-artistica\/","title":{"rendered":"GENERAL ALVEAR SE PREPARA PARA SER SEDE DE UN EVENTO DEPORTIVO DE GIMNASIA ART\u00cdSTICA"},"content":{"rendered":"<h4><strong>Se trata del Torneo Federativo Regional de Gimnasia Art\u00edstica Femenina, el evento m\u00e1s importante que se organiza en la provincia, con selecciones provenientes de San Juan, San Luis y de toda la provincia de Mendoza, que se realizar\u00e1 durante el Jueves 10, viernes 11 y s\u00e1bado 12 de octubre.<\/strong><\/h4>\n<p>Desde la direcci\u00f3n de Deportes, el profesor Alberto G\u00f3mez indic\u00f3: <em><strong>\u201cEstamos esperando aproximadamente 580 gimnastas, contentos y felices por la visita de tantos deportistas.\u201d<\/strong><\/em><\/p>\n<p>El escenario va a ser polideportivo, el evento va a comenzar el jueves a las 12 del mediod\u00eda y la entrada ser\u00e1 libre y gratuita.<\/p>\n<p>El profesor Germ\u00e1n Bordano expres\u00f3 porque General Alvear es elegido para este tipo de eventos: <em><strong>\u201cPorque los antecedentes que tenemos en la organizaci\u00f3n de eventos y en la calidad de la infraestructura y en la capacidad de recibir a los visitantes y a los for\u00e1neos, los entrenadores de toda la regi\u00f3n de Cuyo nos eligieron este a\u00f1o a nosotros.\u201d<\/strong><\/em><\/p>\n","protected":false},"excerpt":{"rendered":"<p>Se trata del Torneo Federativo Regional de Gimnasia Art\u00edstica Femenina, el evento m\u00e1s importante que se organiza en la provincia, con &#8230;<\/p>\n","protected":false},"author":7,"featured_media":140318,"comment_status":"open","ping_status":"open","sticky":false,"template":"","format":"standard","meta":{"footnotes":""},"categories":[3,11],"tags":[],"class_list":["post-140317","post","type-post","status-publish","format-standard","has-post-thumbnail","hentry","category-deportes","category-sociales"],"_links":{"self":[{"href":"https:\/\/vinasfm.com\/noticias\/wp-json\/wp\/v2\/posts\/140317","targetHints":{"allow":["GET"]}}],"collection":[{"href":"https:\/\/vinasfm.com\/noticias\/wp-json\/wp\/v2\/posts"}],"about":[{"href":"https:\/\/vinasfm.com\/noticias\/wp-json\/wp\/v2\/types\/post"}],"author":[{"embeddable":true,"href":"https:\/\/vinasfm.com\/noticias\/wp-json\/wp\/v2\/users\/7"}],"replies":[{"embeddable":true,"href":"https:\/\/vinasfm.com\/noticias\/wp-json\/wp\/v2\/comments?post=140317"}],"version-history":[{"count":1,"href":"https:\/\/vinasfm.com\/noticias\/wp-json\/wp\/v2\/posts\/140317\/revisions"}],"predecessor-version":[{"id":140319,"href":"https:\/\/vinasfm.com\/noticias\/wp-json\/wp\/v2\/posts\/140317\/revisions\/140319"}],"wp:featuredmedia":[{"embeddable":true,"href":"https:\/\/vinasfm.com\/noticias\/wp-json\/wp\/v2\/media\/140318"}],"wp:attachment":[{"href":"https:\/\/vinasfm.com\/noticias\/wp-json\/wp\/v2\/media?parent=140317"}],"wp:term":[{"taxonomy":"category","embeddable":true,"href":"https:\/\/vinasfm.com\/noticias\/wp-json\/wp\/v2\/categories?post=140317"},{"taxonomy":"post_tag","embeddable":true,"href":"https:\/\/vinasfm.com\/noticias\/wp-json\/wp\/v2\/tags?post=140317"}],"curies":[{"name":"wp","href":"https:\/\/api.w.org\/{rel}","templated":true}]}}