{"id":140304,"date":"2024-10-07T11:11:04","date_gmt":"2024-10-07T14:11:04","guid":{"rendered":"https:\/\/vinasfm.com\/noticias\/?p=140304"},"modified":"2024-10-08T08:32:11","modified_gmt":"2024-10-08T11:32:11","slug":"las-4-estaciones-sera-la-tematica-de-la-in-out-pasarela-2024","status":"publish","type":"post","link":"https:\/\/vinasfm.com\/noticias\/las-4-estaciones-sera-la-tematica-de-la-in-out-pasarela-2024\/","title":{"rendered":"\u201cLAS 4 ESTACIONES\u201d SER\u00c1 LA TEM\u00c1TICA DE LA IN OUT PASARELA 2024"},"content":{"rendered":"<h4><span style=\"color: #000000;\">El pr\u00f3ximo 3 de noviembre se realizar\u00e1 el desfile anual de la Tecnicatura de Dise\u00f1o de Indumentaria de UGACOOP.<\/span><\/h4>\n<p><span style=\"color: #000000;\">Se trata de la XII edici\u00f3n de <a href=\"https:\/\/www.instagram.com\/in.out_pasarela\/\"><em>In Out Pasarela<\/em><\/a>, en donde alumnos exhiben sus trabajos realizados durante el a\u00f1o, combinando su creatividad con los conocimientos adquiridos. <span style=\"color: #003366;\"><strong>Carlos Raimondi<\/strong><\/span>, <em>rector de la UGACOOP<\/em> explic\u00f3 que <strong>\u201cpara cada edici\u00f3n, alumnas de 2\u00b0 a\u00f1o eligen una tem\u00e1tica en la cual basar\u00e1n sus proyectos\u201d.<\/strong><\/span><\/p>\n<p><span style=\"color: #000000;\">En esta edici\u00f3n, los dise\u00f1os presentados explorar\u00e1n las 4 estaciones. <span style=\"color: #003366;\"><strong>Mariana Ojeda<\/strong> <\/span>coordinadora de la<em> Tecnicatura de Dise\u00f1o de Indumentaria<\/em> se\u00f1al\u00f3 que <em><strong>\u201cse presentar\u00e1 70 dise\u00f1os en total, que involucra a estudiantes de los 3 a\u00f1os de la carre, lo que significa un evento de gran magnitud\u201d.<\/strong><\/em><\/span><\/p>\n<p><span style=\"color: #000000;\">Por su parte, la alumna <span style=\"color: #003366;\"><strong>Teresa Torti<\/strong><\/span> explic\u00f3 que <em><strong>\u201clas dise\u00f1adoras utilizas toda su creatividad para plasmar la tem\u00e1tica en sus dise\u00f1os\u201d.<\/strong><\/em> As\u00ed mismo, explic\u00f3 que las alumnas de 1\u00b0 a\u00f1o presentan un dise\u00f1o, en 2\u00b0 se presentan tres y las dise\u00f1adoras de 3\u00b0 a\u00f1o presentan cinco.<\/span><\/p>\n<p><span style=\"color: #000000;\">El evento que tendr\u00e1 lugar el domingo 3 de noviembre contar\u00e1\u00a0 con un n\u00famero art\u00edstico, adem\u00e1s funcionar\u00e1 como un evento promotor de la Tecnicatura de Dise\u00f1o de Indumentaria dictada en el UGACOOP.<\/span><\/p>\n<p><a href=\"https:\/\/vinasfm.com\/noticias\/wp-content\/uploads\/2024\/10\/IMG-20241007-WA0036.jpg\"><img loading=\"lazy\" decoding=\"async\" class=\"alignnone wp-image-140309 size-large\" src=\"https:\/\/vinasfm.com\/noticias\/wp-content\/uploads\/2024\/10\/IMG-20241007-WA0036-1024x302.jpg\" alt=\"\" width=\"1024\" height=\"302\" srcset=\"https:\/\/vinasfm.com\/noticias\/wp-content\/uploads\/2024\/10\/IMG-20241007-WA0036-1024x302.jpg 1024w, https:\/\/vinasfm.com\/noticias\/wp-content\/uploads\/2024\/10\/IMG-20241007-WA0036-300x89.jpg 300w, https:\/\/vinasfm.com\/noticias\/wp-content\/uploads\/2024\/10\/IMG-20241007-WA0036-768x227.jpg 768w, https:\/\/vinasfm.com\/noticias\/wp-content\/uploads\/2024\/10\/IMG-20241007-WA0036.jpg 1280w\" sizes=\"auto, (max-width: 1024px) 100vw, 1024px\" \/><\/a><\/p>\n<h2 class=\"elementor-heading-title elementor-size-default\"><a href=\"https:\/\/idesaugacoop.com.ar\/tecnicatura-superior-en-diseno-de-indumentaria-textil-y-accesorios\/\"><span style=\"color: #000000;\">Tecnicatura Superior en Dise\u00f1o de Indumentaria, Textil y accesorios<\/span><\/a><\/h2>\n<p><span style=\"color: #000000;\"><strong>La carrera combina espacios te\u00f3ricos con materias inminentemente pr\u00e1cticas de formato taller, que buscan que los alumnos adquieran las destrezas necesarias para que el alumno pueda desenvolverse en forma aut\u00f3noma dentro de la industria textil, ya sea formando parte de equipos de trabajo o asumiendo individualmente todo el proceso creativo desde dise\u00f1o hasta la elaboraci\u00f3n de las prendas.<\/strong><\/span><\/p>\n<ul>\n<li><span style=\"color: #000000;\">El T\u00e9cnico Superior en Dise\u00f1o de Indumentar\u00eda est\u00e1 capacitado para dise\u00f1ar y confeccionar productos de indumentraria tanto artesalanes como industriales.<\/span><\/li>\n<li><span style=\"color: #000000;\">Cuenta con las destrezas en molder\u00eda necesarias para lencer\u00eda, sastrer\u00eda y corseter\u00eda.<\/span><\/li>\n<li><span style=\"color: #000000;\">Puede coordinar y asistir procesos de elaboraci\u00f3n de colecciones, poniendo en juego toda su creatividad, participando en proyectos tradicionales o innovadores de dise\u00f1o textil para particulares, empresas y personas con necesidades especiales.<\/span><\/li>\n<li><span style=\"color: #000000;\">Se halla calificado para incorporarse a las labores tradicionales de la industria textil, o si as\u00ed lo desea encarar su propio proyecto independiente.<\/span><\/li>\n<li><span style=\"color: #000000;\">Posee herramientas diversas y \u00fatiles en cuanto al dise\u00f1o y elaboraci\u00f3n de accesorios tales como marroquiner\u00eda.<\/span><\/li>\n<\/ul>\n","protected":false},"excerpt":{"rendered":"<p>El pr\u00f3ximo 3 de noviembre se realizar\u00e1 el desfile anual de la Tecnicatura de Dise\u00f1o de Indumentaria de UGACOOP. Se trata &#8230;<\/p>\n","protected":false},"author":7,"featured_media":140306,"comment_status":"open","ping_status":"open","sticky":false,"template":"","format":"standard","meta":{"footnotes":""},"categories":[18,196],"tags":[],"class_list":["post-140304","post","type-post","status-publish","format-standard","has-post-thumbnail","hentry","category-educacion","category-ugacoop"],"_links":{"self":[{"href":"https:\/\/vinasfm.com\/noticias\/wp-json\/wp\/v2\/posts\/140304","targetHints":{"allow":["GET"]}}],"collection":[{"href":"https:\/\/vinasfm.com\/noticias\/wp-json\/wp\/v2\/posts"}],"about":[{"href":"https:\/\/vinasfm.com\/noticias\/wp-json\/wp\/v2\/types\/post"}],"author":[{"embeddable":true,"href":"https:\/\/vinasfm.com\/noticias\/wp-json\/wp\/v2\/users\/7"}],"replies":[{"embeddable":true,"href":"https:\/\/vinasfm.com\/noticias\/wp-json\/wp\/v2\/comments?post=140304"}],"version-history":[{"count":5,"href":"https:\/\/vinasfm.com\/noticias\/wp-json\/wp\/v2\/posts\/140304\/revisions"}],"predecessor-version":[{"id":140311,"href":"https:\/\/vinasfm.com\/noticias\/wp-json\/wp\/v2\/posts\/140304\/revisions\/140311"}],"wp:featuredmedia":[{"embeddable":true,"href":"https:\/\/vinasfm.com\/noticias\/wp-json\/wp\/v2\/media\/140306"}],"wp:attachment":[{"href":"https:\/\/vinasfm.com\/noticias\/wp-json\/wp\/v2\/media?parent=140304"}],"wp:term":[{"taxonomy":"category","embeddable":true,"href":"https:\/\/vinasfm.com\/noticias\/wp-json\/wp\/v2\/categories?post=140304"},{"taxonomy":"post_tag","embeddable":true,"href":"https:\/\/vinasfm.com\/noticias\/wp-json\/wp\/v2\/tags?post=140304"}],"curies":[{"name":"wp","href":"https:\/\/api.w.org\/{rel}","templated":true}]}}