{"id":140269,"date":"2024-10-07T08:04:52","date_gmt":"2024-10-07T11:04:52","guid":{"rendered":"https:\/\/vinasfm.com\/noticias\/?p=140269"},"modified":"2024-10-07T12:23:38","modified_gmt":"2024-10-07T15:23:38","slug":"mapeo-cultural-para-la-zona-sur-de-la-provincia","status":"publish","type":"post","link":"https:\/\/vinasfm.com\/noticias\/mapeo-cultural-para-la-zona-sur-de-la-provincia\/","title":{"rendered":"MAPEO CULTURAL PARA LA ZONA SUR DE LA PROVINCIA"},"content":{"rendered":"<h4>La Subsecretar\u00eda de Cultura de Mendoza sigue recorriendo la provincia con el objetivo de visibilizar a los protagonistas de la econom\u00eda creativa. Ahora es el turno de San Rafael, General Alvear y Malarg\u00fce.<\/h4>\n<p>La <em>Direcci\u00f3n de Industrias Creativas de la Subsecretar\u00eda de Cultura<\/em>, perteneciente al <strong>Ministerio de Educaci\u00f3n, Cultura, Infancias y DGE<\/strong>, contin\u00faa con el mapeo cultural en todos los departamentos de la provincia. Este proyecto pionero <strong>tiene como objetivo principal identificar, visibilizar y potenciar<\/strong> el impacto de las industrias creativas en nuestra regi\u00f3n.<\/p>\n<p>Las industrias creativas de la cultura abarcan una amplia gama de sectores, <strong>incluyendo artes visuales, dise\u00f1o, audiovisuales, editorial, m\u00fasica, videojuegos, moda, creaciones funcionales, turismo cultural y gastronom\u00eda de identidad, entre otros.<\/strong> El mapeo permitir\u00e1 comprender la diversidad y riqueza de estas industrias y brindar\u00e1 informaci\u00f3n clave para el dise\u00f1o e implementaci\u00f3n de pol\u00edticas p\u00fablicas municipales y provinciales que impulsen su desarrollo sostenible.<\/p>\n<p>El mapeo cultural representa una oportunidad invaluable para que artistas, emprendedores, gestores culturales y profesionales del sector creativo contribuyan con su visi\u00f3n y experiencia. <strong>Al completar el formulario, los participantes estar\u00e1n aportando datos fundamentales para la creaci\u00f3n de una matriz que permitir\u00e1 identificar fortalezas, necesidades y desaf\u00edos espec\u00edficos del sector.<\/strong><\/p>\n<p>Para participar en el relevamiento de informaci\u00f3n sobre las caracter\u00edsticas y condiciones de los emprendedores de las industrias creativas del Sur de Mendoza en 2024, acceder al siguiente enlace.<\/p>\n","protected":false},"excerpt":{"rendered":"<p>La Subsecretar\u00eda de Cultura de Mendoza sigue recorriendo la provincia con el objetivo de visibilizar a los protagonistas de la econom\u00eda &#8230;<\/p>\n","protected":false},"author":7,"featured_media":140270,"comment_status":"open","ping_status":"open","sticky":false,"template":"","format":"standard","meta":{"footnotes":""},"categories":[5,19],"tags":[],"class_list":["post-140269","post","type-post","status-publish","format-standard","has-post-thumbnail","hentry","category-actualidad","category-cultura"],"_links":{"self":[{"href":"https:\/\/vinasfm.com\/noticias\/wp-json\/wp\/v2\/posts\/140269","targetHints":{"allow":["GET"]}}],"collection":[{"href":"https:\/\/vinasfm.com\/noticias\/wp-json\/wp\/v2\/posts"}],"about":[{"href":"https:\/\/vinasfm.com\/noticias\/wp-json\/wp\/v2\/types\/post"}],"author":[{"embeddable":true,"href":"https:\/\/vinasfm.com\/noticias\/wp-json\/wp\/v2\/users\/7"}],"replies":[{"embeddable":true,"href":"https:\/\/vinasfm.com\/noticias\/wp-json\/wp\/v2\/comments?post=140269"}],"version-history":[{"count":1,"href":"https:\/\/vinasfm.com\/noticias\/wp-json\/wp\/v2\/posts\/140269\/revisions"}],"predecessor-version":[{"id":140271,"href":"https:\/\/vinasfm.com\/noticias\/wp-json\/wp\/v2\/posts\/140269\/revisions\/140271"}],"wp:featuredmedia":[{"embeddable":true,"href":"https:\/\/vinasfm.com\/noticias\/wp-json\/wp\/v2\/media\/140270"}],"wp:attachment":[{"href":"https:\/\/vinasfm.com\/noticias\/wp-json\/wp\/v2\/media?parent=140269"}],"wp:term":[{"taxonomy":"category","embeddable":true,"href":"https:\/\/vinasfm.com\/noticias\/wp-json\/wp\/v2\/categories?post=140269"},{"taxonomy":"post_tag","embeddable":true,"href":"https:\/\/vinasfm.com\/noticias\/wp-json\/wp\/v2\/tags?post=140269"}],"curies":[{"name":"wp","href":"https:\/\/api.w.org\/{rel}","templated":true}]}}