{"id":140212,"date":"2024-10-04T08:44:37","date_gmt":"2024-10-04T11:44:37","guid":{"rendered":"https:\/\/vinasfm.com\/noticias\/?p=140212"},"modified":"2024-10-04T08:44:37","modified_gmt":"2024-10-04T11:44:37","slug":"se-pone-en-marcha-una-estrategia-de-vacunacion-contra-la-polio","status":"publish","type":"post","link":"https:\/\/vinasfm.com\/noticias\/se-pone-en-marcha-una-estrategia-de-vacunacion-contra-la-polio\/","title":{"rendered":"SE PONE EN MARCHA UNA ESTRATEGIA DE VACUNACI\u00d3N CONTRA LA POLIO"},"content":{"rendered":"<h4><span style=\"color: #000000;\">Al igual que otros pa\u00edses, Argentina se encuentra en riesgo del reingreso de la Poliomielitis.<\/span><\/h4>\n<p><span style=\"color: #000000;\">Se trata de un virus que puede provocar par\u00e1lisis y que ocasiones llega a ser mortal. Debido al gran movimiento y migraci\u00f3n de ciudadanos de pa\u00edses en guerra, el virus ha comenzado a circular gravemente causando preocupaci\u00f3n en el pa\u00eds.<\/span><\/p>\n<p><span style=\"color: #000000;\">Los s\u00edntomas comienzan con un poco de fiebre y dolor de garganta, algunas personas tambi\u00e9n pueden sufrir dolor o rigidez en espalda, cuello y piernas. <strong>El virus afecta en particular el sistema nervioso central y causa par\u00e1lisis musculares, incluso de los m\u00fasculos respiratorios.<\/strong><\/span><\/p>\n<p><span style=\"color: #000000;\">En di\u00e1logo con <strong><span style=\"color: #800080;\">FM VI\u00d1AS<\/span><\/strong>, el <em>Jefe del Vacunatorio<\/em> <span style=\"color: #003366;\"><strong>Adri\u00e1n Rodr\u00edguez<\/strong><\/span>, explic\u00f3 que <strong><em>\u201csi bien la vacuna que protege a la poblaci\u00f3n de riesgo (ni\u00f1os de hasta 5 a\u00f1os) se aplica, no estamos en \u00f3ptimas condiciones\u201d<\/em><\/strong>. Seg\u00fan los datos de Naci\u00f3n, un 10% de esa poblaci\u00f3n no se encuentra inmunizada, por lo que se orden\u00f3 realizar una estrategia denominada <em>\u201c30 d\u00edas para sostener 40 a\u00f1os sin Polio en Argentina\u201d.<\/em><\/span><\/p>\n<p><span style=\"color: #000000;\">Durante el mes de octubre, se llevar\u00e1 la vacuna a ni\u00f1os no inmunizados. La estrategia consiste en analizar las cartillas de ni\u00f1os que asistan a los establecimientos educativos, clubes, etc. y aplicarle la vacuna a quienes no la tengan.<\/span><\/p>\n<p><span style=\"color: #000000;\">Seg\u00fan indic\u00f3 la Lic. en Enfermer\u00eda Sonia Barroso, <strong>se estar\u00e1 inmunizando a ni\u00f1os de 2 meses, 4 meses, 6 meses y 5 a\u00f1os de edad. <\/strong>Para evitar cualquier tipo de confusi\u00f3n, toda la informaci\u00f3n sobre la vacunaci\u00f3n ser\u00e1 publicada en medios oficiales del Ministerio de Salud y del Hospital Enfermeros Argentinos.\u00a0<\/span><\/p>\n<p><img decoding=\"async\" src=\"https:\/\/media.istockphoto.com\/id\/1212355446\/es\/foto\/vacuna-contra-la-poliomielitis.jpg?s=612x612&amp;w=0&amp;k=20&amp;c=JvvS8RHFT0R8rE1FH_gIguIXQfDdlVpRa240D7ix0_w=\" alt=\"900+ Fotos De Polio Fotograf\u00edas de stock, fotos e im\u00e1genes libres de  derechos - iStock\" \/><\/p>\n<h2><span style=\"color: #000000;\">La informaci\u00f3n del Ministerio de Salud de la Naci\u00f3n<\/span><\/h2>\n<p><span style=\"color: #000000;\">Gracias a la vacunaci\u00f3n contra la poliomielitis, no se registraron casos en Argentina desde 1984 y la Regi\u00f3n de las Am\u00e9ricas se declar\u00f3 libre de poliomielitis en 1994.<\/span><\/p>\n<p><span style=\"color: #000000;\">Si bien el \u00faltimo caso confirmado de poliomielitis por poliovirus salvaje en la Regi\u00f3n de las Am\u00e9ricas ocurri\u00f3 en 1991, la amenaza contin\u00faa. A pesar de los esfuerzos para su erradicaci\u00f3n, al momento, en algunos pa\u00edses del mundo, sigue habiendo personas con par\u00e1lisis permanente debido a este virus.<strong> Las bajas coberturas de vacunaci\u00f3n y el riesgo de importaci\u00f3n de casos, debido a viajes a pa\u00edses donde a\u00fan hay casos de polio, constituyen el principal factor de riesgo para que menores de 5 a\u00f1os de edad contraigan esta enfermedad.<\/strong><\/span><\/p>\n","protected":false},"excerpt":{"rendered":"<p>Al igual que otros pa\u00edses, Argentina se encuentra en riesgo del reingreso de la Poliomielitis. Se trata de un virus que &#8230;<\/p>\n","protected":false},"author":7,"featured_media":140213,"comment_status":"open","ping_status":"open","sticky":false,"template":"","format":"standard","meta":{"footnotes":""},"categories":[1],"tags":[],"class_list":["post-140212","post","type-post","status-publish","format-standard","has-post-thumbnail","hentry","category-fmvinas"],"_links":{"self":[{"href":"https:\/\/vinasfm.com\/noticias\/wp-json\/wp\/v2\/posts\/140212","targetHints":{"allow":["GET"]}}],"collection":[{"href":"https:\/\/vinasfm.com\/noticias\/wp-json\/wp\/v2\/posts"}],"about":[{"href":"https:\/\/vinasfm.com\/noticias\/wp-json\/wp\/v2\/types\/post"}],"author":[{"embeddable":true,"href":"https:\/\/vinasfm.com\/noticias\/wp-json\/wp\/v2\/users\/7"}],"replies":[{"embeddable":true,"href":"https:\/\/vinasfm.com\/noticias\/wp-json\/wp\/v2\/comments?post=140212"}],"version-history":[{"count":1,"href":"https:\/\/vinasfm.com\/noticias\/wp-json\/wp\/v2\/posts\/140212\/revisions"}],"predecessor-version":[{"id":140214,"href":"https:\/\/vinasfm.com\/noticias\/wp-json\/wp\/v2\/posts\/140212\/revisions\/140214"}],"wp:featuredmedia":[{"embeddable":true,"href":"https:\/\/vinasfm.com\/noticias\/wp-json\/wp\/v2\/media\/140213"}],"wp:attachment":[{"href":"https:\/\/vinasfm.com\/noticias\/wp-json\/wp\/v2\/media?parent=140212"}],"wp:term":[{"taxonomy":"category","embeddable":true,"href":"https:\/\/vinasfm.com\/noticias\/wp-json\/wp\/v2\/categories?post=140212"},{"taxonomy":"post_tag","embeddable":true,"href":"https:\/\/vinasfm.com\/noticias\/wp-json\/wp\/v2\/tags?post=140212"}],"curies":[{"name":"wp","href":"https:\/\/api.w.org\/{rel}","templated":true}]}}