{"id":140205,"date":"2024-10-03T20:55:51","date_gmt":"2024-10-03T23:55:51","guid":{"rendered":"https:\/\/vinasfm.com\/noticias\/?p=140205"},"modified":"2024-10-03T20:55:51","modified_gmt":"2024-10-03T23:55:51","slug":"san-rafael-albergara-el-congreso-de-la-asociacion-internacional-de-la-ciruela","status":"publish","type":"post","link":"https:\/\/vinasfm.com\/noticias\/san-rafael-albergara-el-congreso-de-la-asociacion-internacional-de-la-ciruela\/","title":{"rendered":"SAN RAFAEL ALBERGAR\u00c1 EL CONGRESO DE LA ASOCIACI\u00d3N INTERNACIONAL DE LA CIRUELA"},"content":{"rendered":"<h4>Se desarrollar\u00e1 del 4 al 6 de noviembre en el Centro de Congresos y Exposiciones de San Rafael.<\/h4>\n<p>Se trata del International Prune Association Congress 2024, el cual reunir\u00e1 a m\u00e1s de 15 oradores y especialistas en producci\u00f3n y comercio internacional. El mismo es organizado por el Comit\u00e9 de Exportadores de Ciruela de Mendoza (CECIM) y el Cl\u00faster de Ciruela de Mendoza.<\/p>\n<p>En di\u00e1logo con <span style=\"color: #800080;\"><strong>FM VI\u00d1AS<\/strong><\/span>, el <em>secretario de Promoci\u00f3n y Desarrollo Departamenta<\/em>l, <span style=\"color: #003366;\"><strong>Hugo Molina<\/strong><\/span>, explic\u00f3 que el congreso <strong><em>\u00abconvoca a numerosos participantes de todo el mundo, siendo de una importancia muy relativa tanto para el sector como tambi\u00e9n para la provincia\u00bb.<\/em><\/strong> Es de destacar que San Rafael y General Alvear producen cerca del 80% de toda la ciruela deshidratada del pa\u00eds.<\/p>\n<p>Las inscripciones para participar del mega evento ya est\u00e1n abiertas y se deben realizar a trav\u00e9s de la web <a href=\"http:\/\/www.ipa.events\">www.ipa.events<\/a>.<\/p>\n<p>Por su parte, el <em>Coordinador del Cluster de la Ciruela,<\/em> <span style=\"color: #003366;\"><strong>Francisco Araujo<\/strong><\/span>, present\u00f3 el Congreso IPA haciendo \u00e9nfasis en \u00ab<em><strong>la importancia de la participaci\u00f3n de los productores locales, a fin de instruirse sobre las nuevas formas de trabajo en las quintas y secaderos, para optimizar el proceso de producci\u00f3n\u00bb<\/strong><\/em>. El congreso tambi\u00e9n contar\u00e1 con el recorrido de campos e industrias <strong><em>\u00abrepresentativas que han incorporado nuevas tecnolog\u00edas permitiendo obtener mejores resultados\u00bb.\u00a0<\/em><\/strong><\/p>\n<p>Sobre el pron\u00f3stico del a\u00f1o productivo, Araujo manifest\u00f3 que <strong><em>\u00abha sido un invierno muy favorable para la productividad de la ciruela, adem\u00e1s las nevadas posibilitan contar con una importante dotaci\u00f3n de agua para el resto de la temporada\u00bb.<\/em><\/strong> Ahora, el sector se enfrenta al momento m\u00e1s cr\u00edtico de la producci\u00f3n: <strong>las heladas y sus efectos en el cuaje y floraci\u00f3n de los frutos.<\/strong><\/p>\n","protected":false},"excerpt":{"rendered":"<p>Se desarrollar\u00e1 del 4 al 6 de noviembre en el Centro de Congresos y Exposiciones de San Rafael. Se trata del &#8230;<\/p>\n","protected":false},"author":7,"featured_media":140206,"comment_status":"open","ping_status":"open","sticky":false,"template":"","format":"standard","meta":{"footnotes":""},"categories":[1],"tags":[],"class_list":["post-140205","post","type-post","status-publish","format-standard","has-post-thumbnail","hentry","category-fmvinas"],"_links":{"self":[{"href":"https:\/\/vinasfm.com\/noticias\/wp-json\/wp\/v2\/posts\/140205","targetHints":{"allow":["GET"]}}],"collection":[{"href":"https:\/\/vinasfm.com\/noticias\/wp-json\/wp\/v2\/posts"}],"about":[{"href":"https:\/\/vinasfm.com\/noticias\/wp-json\/wp\/v2\/types\/post"}],"author":[{"embeddable":true,"href":"https:\/\/vinasfm.com\/noticias\/wp-json\/wp\/v2\/users\/7"}],"replies":[{"embeddable":true,"href":"https:\/\/vinasfm.com\/noticias\/wp-json\/wp\/v2\/comments?post=140205"}],"version-history":[{"count":1,"href":"https:\/\/vinasfm.com\/noticias\/wp-json\/wp\/v2\/posts\/140205\/revisions"}],"predecessor-version":[{"id":140207,"href":"https:\/\/vinasfm.com\/noticias\/wp-json\/wp\/v2\/posts\/140205\/revisions\/140207"}],"wp:featuredmedia":[{"embeddable":true,"href":"https:\/\/vinasfm.com\/noticias\/wp-json\/wp\/v2\/media\/140206"}],"wp:attachment":[{"href":"https:\/\/vinasfm.com\/noticias\/wp-json\/wp\/v2\/media?parent=140205"}],"wp:term":[{"taxonomy":"category","embeddable":true,"href":"https:\/\/vinasfm.com\/noticias\/wp-json\/wp\/v2\/categories?post=140205"},{"taxonomy":"post_tag","embeddable":true,"href":"https:\/\/vinasfm.com\/noticias\/wp-json\/wp\/v2\/tags?post=140205"}],"curies":[{"name":"wp","href":"https:\/\/api.w.org\/{rel}","templated":true}]}}