{"id":140196,"date":"2024-10-03T12:25:52","date_gmt":"2024-10-03T15:25:52","guid":{"rendered":"https:\/\/vinasfm.com\/noticias\/?p=140196"},"modified":"2024-10-03T12:25:52","modified_gmt":"2024-10-03T15:25:52","slug":"bajo-el-lema-educacion-integral-de-la-persona-llega-el-ix-congreso-de-educacion-del-instituto-san-antonio","status":"publish","type":"post","link":"https:\/\/vinasfm.com\/noticias\/bajo-el-lema-educacion-integral-de-la-persona-llega-el-ix-congreso-de-educacion-del-instituto-san-antonio\/","title":{"rendered":"BAJO EL LEMA \u00abEDUCACI\u00d3N INTEGRAL DE LA PERSONA\u00bb, LLEGA EL IX CONGRESO DE EDUCACI\u00d3N DEL INSTITUTO SAN ANTONIO"},"content":{"rendered":"<h4><span style=\"font-weight: 400;\">El pr\u00f3ximo mi\u00e9rcoles 16, jueves 17 y viernes 18 de octubre tendr\u00e1 lugar en General Alvear el 9\u00b0 Congreso de Educaci\u00f3n del Nivel Superior del Instituto San Antonio, tendr\u00e1 como sede el sal\u00f3n de la Delegaci\u00f3n del Consejo de Ciencias Econ\u00f3micas ubicado en Paso de los Andes 576.\u00a0<\/span><\/h4>\n<p><span style=\"font-weight: 400;\">En las conferencias y talleres se abordar\u00e1n problemas y desaf\u00edos actuales como la inteligencia artificial, el trastorno de d\u00e9ficit de atenci\u00f3n e hiperactividad en ni\u00f1os y adolescentes, el liderazgo pedag\u00f3gico, entre otros.<\/span><\/p>\n<p><span style=\"font-weight: 400;\">La presente propuesta formativa <strong>surge para dar respuestas a las demandas de Docentes y Estudiantes avanzados de las distintas \u00e1reas educativas<\/strong>, tanto del Departamento como de distintos puntos del pa\u00eds, <strong>respecto a las competencias y habilidades que deben desarrollar para abarcar la formaci\u00f3n integral de la persona humana.\u00a0<\/strong><\/span><\/p>\n<p><b>Quienes asistan al Congreso obtendr\u00e1n puntaje docente seg\u00fan la\u00a0 Resoluci\u00f3n RESOL-2024-170-E-GDEMZA-CGES de la Direcci\u00f3n General de Escuelas.\u00a0<\/b><\/p>\n<p><span style=\"font-weight: 400;\">El Congreso <strong>ha sido declarado de Inter\u00e9s Educativo, Cultural y Social en el a\u00f1o 2020 por la Resoluci\u00f3n 5046-20 del Honorable Concejo Deliberante de General Alvear<\/strong> y tambi\u00e9n fue declarado de Inter\u00e9s Departamental en el a\u00f1o 2022 por la Ordenanza 4767 del Honorable Concejo Deliberante de General Alvear.<\/span><\/p>\n<p><span style=\"font-weight: 400;\">Se puede asistir al Congreso, con participaci\u00f3n presencial y virtual seg\u00fan elija cada inscripto<strong>. Respecto a los costos, saldr\u00e1 $4.000 para quienes asistan presencialmente y $6.000 para quienes asistan virtualmente.<\/strong> Las inscripciones se pueden realizar a trav\u00e9s de la p\u00e1gina web del evento <\/span><a href=\"https:\/\/congreso.isaalvear.edu.ar\/inscripciones\"><span style=\"font-weight: 400;\">https:\/\/congreso.isaalvear.edu.ar\/inscripciones<\/span><\/a><\/p>\n<h2><span style=\"font-weight: 400;\">CRONOGRAMA DE ACTIVIDADES<\/span><\/h2>\n<h3><b>D\u00eda 1: mi\u00e9rcoles 16 de octubre.<\/b><\/h3>\n<ul>\n<li><span style=\"font-weight: 400;\">19:00 horas, Acto de apertura.<\/span><\/li>\n<li>19:20 horas, 1era. Conferencia | <em>\u201cLa dignidad de la persona: base de la educaci\u00f3n y de la vida social\u201d<\/em> a cargo del <strong>Dr. Luis Mar\u00eda Calandria<\/strong> (Abogado y docente de la Univ. Mendoza).<\/li>\n<li>20:45 horas, 2da. Conferencia |\u201c<em>El asombro agradecido en educaci\u00f3n: el pensamiento de Catherine L\u2019ecuyer\u201d<\/em> a cargo de la <strong>Lic. Mar\u00eda Lila Cano<\/strong> (Licenciada en psicopedagog\u00eda Univ. Cat\u00f3lica de Cuyo).<\/li>\n<\/ul>\n<h3><b>D\u00eda 2: jueves 17 de octubre.<\/b><\/h3>\n<ul>\n<li><span style=\"font-weight: 400;\">19:00 horas, 1era. Conferencia | <\/span><span style=\"font-weight: 400;\"><em>\u201cLiderazgo pedag\u00f3gico: una direcci\u00f3n para el aprendizaje\u201d<\/em> a cargo del <strong>Lic. Mag. Jos\u00e9 Mar\u00eda Randle<\/strong> (Licenciado en Ciencias de la Familia Univ. Austral &#8211; Mag\u00edster en Excelencia y Calidad Educativa Univ. Santiago de Compostela)<\/span><\/li>\n<li>20:30 horas, 2da. Conferencia | <em>\u201cInteligencia humana e inteligencia artificial en la educaci\u00f3n\u201d<\/em> a cargo del <strong>Lic. Mag. Marcelo Palma.<\/strong> (Licenciado en Sistema Univ. Congreso &#8211; Magister en Tecnolog\u00eda y Negocios Univ. Champagnat &#8211; Master en inteligencia artificial e ingenier\u00eda del conocimiento TECH Universidad Tecnol\u00f3gica)<\/li>\n<\/ul>\n<h3><b>D\u00eda 3: viernes 18 de octubre.<\/b><\/h3>\n<ul>\n<li><span style=\"font-weight: 400;\">18:30 horas, Concentraci\u00f3n y acreditaci\u00f3n.<\/span><\/li>\n<li><span style=\"font-weight: 400;\">19:00 horas, 1era. Conferencia | <em>\u201c\u00bfQu\u00e9 es el TDAH? Psicoeducaci\u00f3n para docentes\u201d<\/em><\/span><span style=\"font-weight: 400;\"> a cargo de la <strong>Lic. Mag. Vanesa Eraso<\/strong> (Licenciada en psicopedagog\u00eda Univ. Cat\u00f3lica de Cuyo &#8211; Magister Internacional en Trastorno por D\u00e9ficit de Atenci\u00f3n e Hiperactividad (TDAH) Escuela de Negocios perteneciente a Grupo ESNECA FORMACI\u00d3N S.L, Espa\u00f1a).<\/span><\/li>\n<li><span style=\"font-weight: 400;\">20:30 horas, 2da. Conferencia |<em> \u201cAlumnos con TDAH: Estrategias y herramientas para el aula y el hogar\u201d <\/em><\/span><span style=\"font-weight: 400;\">a cargo de la <strong>Lic. Mag. Vanesa Eraso<\/strong> (San Rafael, Mza)<\/span><span style=\"font-weight: 400;\">.\u00a0<\/span><\/li>\n<\/ul>\n","protected":false},"excerpt":{"rendered":"<p>El pr\u00f3ximo mi\u00e9rcoles 16, jueves 17 y viernes 18 de octubre tendr\u00e1 lugar en General Alvear el 9\u00b0 Congreso de Educaci\u00f3n &#8230;<\/p>\n","protected":false},"author":7,"featured_media":140198,"comment_status":"open","ping_status":"open","sticky":false,"template":"","format":"standard","meta":{"footnotes":""},"categories":[1],"tags":[],"class_list":["post-140196","post","type-post","status-publish","format-standard","has-post-thumbnail","hentry","category-fmvinas"],"_links":{"self":[{"href":"https:\/\/vinasfm.com\/noticias\/wp-json\/wp\/v2\/posts\/140196","targetHints":{"allow":["GET"]}}],"collection":[{"href":"https:\/\/vinasfm.com\/noticias\/wp-json\/wp\/v2\/posts"}],"about":[{"href":"https:\/\/vinasfm.com\/noticias\/wp-json\/wp\/v2\/types\/post"}],"author":[{"embeddable":true,"href":"https:\/\/vinasfm.com\/noticias\/wp-json\/wp\/v2\/users\/7"}],"replies":[{"embeddable":true,"href":"https:\/\/vinasfm.com\/noticias\/wp-json\/wp\/v2\/comments?post=140196"}],"version-history":[{"count":1,"href":"https:\/\/vinasfm.com\/noticias\/wp-json\/wp\/v2\/posts\/140196\/revisions"}],"predecessor-version":[{"id":140197,"href":"https:\/\/vinasfm.com\/noticias\/wp-json\/wp\/v2\/posts\/140196\/revisions\/140197"}],"wp:featuredmedia":[{"embeddable":true,"href":"https:\/\/vinasfm.com\/noticias\/wp-json\/wp\/v2\/media\/140198"}],"wp:attachment":[{"href":"https:\/\/vinasfm.com\/noticias\/wp-json\/wp\/v2\/media?parent=140196"}],"wp:term":[{"taxonomy":"category","embeddable":true,"href":"https:\/\/vinasfm.com\/noticias\/wp-json\/wp\/v2\/categories?post=140196"},{"taxonomy":"post_tag","embeddable":true,"href":"https:\/\/vinasfm.com\/noticias\/wp-json\/wp\/v2\/tags?post=140196"}],"curies":[{"name":"wp","href":"https:\/\/api.w.org\/{rel}","templated":true}]}}