{"id":140183,"date":"2024-10-03T10:29:23","date_gmt":"2024-10-03T13:29:23","guid":{"rendered":"https:\/\/vinasfm.com\/noticias\/?p=140183"},"modified":"2024-10-03T10:44:23","modified_gmt":"2024-10-03T13:44:23","slug":"llega-la-primera-expo-alvear-de-gastronomia-y-vinos","status":"publish","type":"post","link":"https:\/\/vinasfm.com\/noticias\/llega-la-primera-expo-alvear-de-gastronomia-y-vinos\/","title":{"rendered":"LLEGA LA PRIMERA EXPO ALVEAR DE GASTRONOM\u00cdA Y VINOS"},"content":{"rendered":"<h4><span style=\"color: #000000;\">Se desarrollar\u00e1 los d\u00edas viernes 4 y s\u00e1bado 5 de octubre, en el Multiespacio Cultural Bodega Fara\u00f3n. <\/span><\/h4>\n<p><span style=\"color: #000000;\">La comuna ha puesto el foco en promocionar los atractivos tur\u00edsticos de General Alvear, por tal motivo han puesto en marcha la 1\u00b0 Expo Alvear de Gastronom\u00eda y Vino. <strong>El evento se dividir\u00e1 en dos jornadas y contar\u00e1 con la participaci\u00f3n de destacados chefs de la provincia. <\/strong><\/span><\/p>\n<p><span style=\"color: #000000;\">Este expo busca poner en valor la gastronom\u00eda provincial, proponiendo al departamento como el escenario ideal para la degustaci\u00f3n y descubrimiento de sabores aut\u00f3ctonos. <strong>La actividad iniciar\u00e1 el d\u00eda viernes a las 20:30 horas con una degustaci\u00f3n de vinos de bodegas mendocinas, el servicio de catering estar\u00e1 a cargo de los alumnos de los CCT de Alvear.<\/strong><br \/>\n<\/span><\/p>\n<p><span style=\"color: #000000;\"><strong>La segunda jornada comenzar\u00e1 a las 09:30 horas. Esta contar\u00e1 con una Master Class a cargo de reconocidos chefs mendocinos, stands gastron\u00f3micos, de productos regionales y artesanos.<\/strong><br \/>\n<\/span><\/p>\n<p><span style=\"color: #000000;\">De entre los invitados, destaca la presencia de <strong>Mat\u00edas Guti\u00e9rrez, chef del Restaurante Abrasado de Bodega Los Toneles (Guaymall\u00e9n, Mendoza), distinguido con una menci\u00f3n en la Gu\u00eda Michel\u00edn<\/strong>. Las entradas est\u00e1n a la venta y tienen un valor de $3.000 para el viernes 4 de octubre y un alimento no perecedero para el d\u00eda s\u00e1bado 5 de octubre.\u00a0<\/span><\/p>\n<p><img decoding=\"async\" src=\"https:\/\/elplanetaurbano.com\/wp-content\/uploads\/2023\/05\/matias-gutierrez-planeta-urbano-2023-04.jpg\" alt=\"Mat\u00edas Guti\u00e9rrez, cocinero: \u201cNo nos conformamos con ser el mejor  restaurante de Mendoza\u201d | EPU\" \/><\/p>\n<h6>Matias Guti\u00e9rrez, estudi\u00f3 Gastronom\u00eda en el Instituto Arrayanes. Antes de desempe\u00f1arse como\u00a0<em>Chef<\/em> Ejecutivo de Abrasado.<\/h6>\n","protected":false},"excerpt":{"rendered":"<p>Se desarrollar\u00e1 los d\u00edas viernes 4 y s\u00e1bado 5 de octubre, en el Multiespacio Cultural Bodega Fara\u00f3n. La comuna ha puesto &#8230;<\/p>\n","protected":false},"author":7,"featured_media":140185,"comment_status":"open","ping_status":"open","sticky":false,"template":"","format":"standard","meta":{"footnotes":""},"categories":[1],"tags":[],"class_list":["post-140183","post","type-post","status-publish","format-standard","has-post-thumbnail","hentry","category-fmvinas"],"_links":{"self":[{"href":"https:\/\/vinasfm.com\/noticias\/wp-json\/wp\/v2\/posts\/140183","targetHints":{"allow":["GET"]}}],"collection":[{"href":"https:\/\/vinasfm.com\/noticias\/wp-json\/wp\/v2\/posts"}],"about":[{"href":"https:\/\/vinasfm.com\/noticias\/wp-json\/wp\/v2\/types\/post"}],"author":[{"embeddable":true,"href":"https:\/\/vinasfm.com\/noticias\/wp-json\/wp\/v2\/users\/7"}],"replies":[{"embeddable":true,"href":"https:\/\/vinasfm.com\/noticias\/wp-json\/wp\/v2\/comments?post=140183"}],"version-history":[{"count":3,"href":"https:\/\/vinasfm.com\/noticias\/wp-json\/wp\/v2\/posts\/140183\/revisions"}],"predecessor-version":[{"id":140187,"href":"https:\/\/vinasfm.com\/noticias\/wp-json\/wp\/v2\/posts\/140183\/revisions\/140187"}],"wp:featuredmedia":[{"embeddable":true,"href":"https:\/\/vinasfm.com\/noticias\/wp-json\/wp\/v2\/media\/140185"}],"wp:attachment":[{"href":"https:\/\/vinasfm.com\/noticias\/wp-json\/wp\/v2\/media?parent=140183"}],"wp:term":[{"taxonomy":"category","embeddable":true,"href":"https:\/\/vinasfm.com\/noticias\/wp-json\/wp\/v2\/categories?post=140183"},{"taxonomy":"post_tag","embeddable":true,"href":"https:\/\/vinasfm.com\/noticias\/wp-json\/wp\/v2\/tags?post=140183"}],"curies":[{"name":"wp","href":"https:\/\/api.w.org\/{rel}","templated":true}]}}