{"id":140157,"date":"2024-10-03T08:33:01","date_gmt":"2024-10-03T11:33:01","guid":{"rendered":"https:\/\/vinasfm.com\/noticias\/?p=140157"},"modified":"2024-10-04T08:17:17","modified_gmt":"2024-10-04T11:17:17","slug":"el-miercoles-fue-presentado-el-rigi-mendocino","status":"publish","type":"post","link":"https:\/\/vinasfm.com\/noticias\/el-miercoles-fue-presentado-el-rigi-mendocino\/","title":{"rendered":"EL MI\u00c9RCOLES FUE PRESENTADO EL RIGI MENDOCINO"},"content":{"rendered":"<h4><span style=\"color: #000000;\">Se trata del CRECE, una propuesta de reactivaci\u00f3n econ\u00f3mica que incluye exenciones impositivas y subsidios de tarifas<\/span><\/h4>\n<p><span style=\"color: #000000;\">Diputados de La Uni\u00f3n Mendocina presentaron en la ma\u00f1ana del mi\u00e9rcoles el CRECE, <strong>un programa de reactivaci\u00f3n econ\u00f3mica para Mendoza<\/strong>, que incluye exenciones impositivas y subsidios de tarifas de servicios para quienes inviertan en distintas \u00e1reas de la econom\u00eda provincial.<\/span><\/p>\n<p><span style=\"color: #000000;\">El mencionado programa, destinado a personas f\u00edsicas o jur\u00eddicas de la provincia, <strong>abarca las \u00e1reas de turismo, cultura, energ\u00eda, industria, internet, transporte, vivienda infraestructura y agroalimentos.<\/strong><\/span><\/p>\n<p><span style=\"color: #000000;\">La iniciativa, que emula al r\u00e9gimen nacional de incentivos para grandes inversiones,<strong> contempla una serie de exenciones impositivas en ingresos brutos, sellos, consejo de vivienda y tarifas de agua y energ\u00eda.<\/strong><\/span><\/p>\n<p><span style=\"color: #000000;\">La exposici\u00f3n cont\u00f3 con la presencia de los legisladores<span style=\"color: #003366;\"><strong> Jorge Difonso<\/strong><\/span>, <strong><span style=\"color: #003366;\">Rolando Scanio<\/span><\/strong>,<span style=\"color: #003366;\"><strong> Laura Balsells-Mir\u00f3<\/strong><\/span>, <span style=\"color: #003366;\"><strong>Cintia G\u00f3mez<\/strong><\/span>, <span style=\"color: #003366;\"><strong>Jimena Cogo<\/strong><\/span>, <span style=\"color: #003366;\"><strong>Stella Huczak<\/strong><\/span>,<span style=\"color: #003366;\"><strong> Flavia Manoni<\/strong> <\/span>y <span style=\"color: #003366;\"><strong>Edgardo Civit Evans<\/strong><\/span>.<\/span><\/p>\n","protected":false},"excerpt":{"rendered":"<p>Se trata del CRECE, una propuesta de reactivaci\u00f3n econ\u00f3mica que incluye exenciones impositivas y subsidios de tarifas Diputados de La Uni\u00f3n &#8230;<\/p>\n","protected":false},"author":7,"featured_media":140158,"comment_status":"open","ping_status":"open","sticky":false,"template":"","format":"standard","meta":{"footnotes":""},"categories":[5,16],"tags":[],"class_list":["post-140157","post","type-post","status-publish","format-standard","has-post-thumbnail","hentry","category-actualidad","category-economia"],"_links":{"self":[{"href":"https:\/\/vinasfm.com\/noticias\/wp-json\/wp\/v2\/posts\/140157","targetHints":{"allow":["GET"]}}],"collection":[{"href":"https:\/\/vinasfm.com\/noticias\/wp-json\/wp\/v2\/posts"}],"about":[{"href":"https:\/\/vinasfm.com\/noticias\/wp-json\/wp\/v2\/types\/post"}],"author":[{"embeddable":true,"href":"https:\/\/vinasfm.com\/noticias\/wp-json\/wp\/v2\/users\/7"}],"replies":[{"embeddable":true,"href":"https:\/\/vinasfm.com\/noticias\/wp-json\/wp\/v2\/comments?post=140157"}],"version-history":[{"count":1,"href":"https:\/\/vinasfm.com\/noticias\/wp-json\/wp\/v2\/posts\/140157\/revisions"}],"predecessor-version":[{"id":140159,"href":"https:\/\/vinasfm.com\/noticias\/wp-json\/wp\/v2\/posts\/140157\/revisions\/140159"}],"wp:featuredmedia":[{"embeddable":true,"href":"https:\/\/vinasfm.com\/noticias\/wp-json\/wp\/v2\/media\/140158"}],"wp:attachment":[{"href":"https:\/\/vinasfm.com\/noticias\/wp-json\/wp\/v2\/media?parent=140157"}],"wp:term":[{"taxonomy":"category","embeddable":true,"href":"https:\/\/vinasfm.com\/noticias\/wp-json\/wp\/v2\/categories?post=140157"},{"taxonomy":"post_tag","embeddable":true,"href":"https:\/\/vinasfm.com\/noticias\/wp-json\/wp\/v2\/tags?post=140157"}],"curies":[{"name":"wp","href":"https:\/\/api.w.org\/{rel}","templated":true}]}}