{"id":140152,"date":"2024-10-03T08:27:03","date_gmt":"2024-10-03T11:27:03","guid":{"rendered":"https:\/\/vinasfm.com\/noticias\/?p=140152"},"modified":"2024-10-03T12:10:46","modified_gmt":"2024-10-03T15:10:46","slug":"rus-participo-en-el-encuentro-de-seguridad-que-encabezo-bullrich-junto-a-villatoro","status":"publish","type":"post","link":"https:\/\/vinasfm.com\/noticias\/rus-participo-en-el-encuentro-de-seguridad-que-encabezo-bullrich-junto-a-villatoro\/","title":{"rendered":"RUS PARTICIP\u00d3 EN EL ENCUENTRO DE SEGURIDAD QUE ENCABEZ\u00d3 BULLRICH JUNTO A VILLATORO"},"content":{"rendered":"<h4><span style=\"color: #000000;\">La ministra de Seguridad y Justicia fue invitada por autoridades del Gobierno nacional a la reuni\u00f3n de trabajo que mantuvieron con el ministro de Justicia y Seguridad de El Salvador. Durante el encuentro, se intercambiaron experiencias sobre las estrategias implementadas en el pa\u00eds de Bukele para combatir el crimen organizado y que los llev\u00f3 a registrar la tasa de homicidios m\u00e1s baja del continente.<\/span><\/h4>\n<p><span style=\"color: #000000;\">La <em>ministra de Seguridad y Justicia de Mendoza<\/em>, <strong><span style=\"color: #003366;\">Mercedes Rus<\/span><\/strong>, particip\u00f3 en una reuni\u00f3n de trabajo con el <em>ministro de Seguridad y Justicia de El Salvador<\/em>, <span style=\"color: #003366;\"><strong>Gustavo Villatoro<\/strong><\/span>, quien comparti\u00f3 las experiencias de su pa\u00eds en la lucha contra el crimen organizado. El encuentro, encabezado por la <em>ministra nacional<\/em> <span style=\"color: #003366;\"><strong>Patricia Bullrich<\/strong><\/span> y <em>su par de Justicia<\/em>,<span style=\"color: #003366;\"> <strong>Mariano C\u00faneo Libarona<\/strong><\/span>, se realiz\u00f3 en Buenos Aires, como parte de la visita oficial al pa\u00eds del<em> presidente salvadore\u00f1o<\/em><strong> <span style=\"color: #003366;\">Nayib Bukele.<\/span><\/strong><\/span><\/p>\n<p><span style=\"color: #000000;\">La actividad cont\u00f3 con la presencia de la <em>secretaria de Seguridad<\/em>, <em>A<\/em><span style=\"color: #003366;\"><strong>lejandra Monteoliva<\/strong><\/span>; <em>representantes de Lucha contra el Narcotr\u00e1fico<\/em>,<span style=\"color: #003366;\"><strong> Mart\u00edn Verrier<\/strong><\/span>; de <em>Articulaci\u00f3n Federal<\/em>,<span style=\"color: #003366;\"><strong> N\u00e9stor Majul<\/strong><\/span>, y de <em>Coordinaci\u00f3n Administrativa<\/em>, <span style=\"color: #003366;\"><strong>Mart\u00edn Siracusa<\/strong><\/span>. Tambi\u00e9n fueron invitados los ministros de Seguridad de la provincia de Buenos Aires, <span style=\"color: #003366;\"><strong>Javier Alonso<\/strong><\/span>; de Salta, <span style=\"color: #003366;\"><strong>Marcelo Dom\u00edngue<\/strong><strong>z<\/strong><\/span>; de la Ciudad Aut\u00f3noma de Buenos Aires, <span style=\"color: #003366;\"><strong>Waldo Wolff<\/strong><\/span>; de C\u00f3rdoba, <span style=\"color: #003366;\"><strong>Juan Pablo Quintero<\/strong><\/span>s; de Santa Fe, <span style=\"color: #003366;\"><strong>Pablo Cococcion<\/strong><\/span>i, y de Tucum\u00e1n, <span style=\"color: #003366;\"><strong>Eugenio Ag\u00fcero Gamboa.<\/strong><\/span><\/span><\/p>\n<p><span style=\"color: #000000;\">Durante el encuentro, Villatoro detall\u00f3 c\u00f3mo El Salvador pas\u00f3 de ser el pa\u00eds m\u00e1s violento de Centroam\u00e9rica a registrar la tasa de homicidios m\u00e1s baja del continente. Este avance, seg\u00fan explic\u00f3, se debi\u00f3 al Plan de Control Territorial, una estrategia clave que permiti\u00f3 identificar y actuar en zonas cr\u00edticas, logrando una reducci\u00f3n significativa en los \u00edndices de criminalidad.<\/span><\/p>\n<p><span style=\"color: #000000;\">Tambi\u00e9n destac\u00f3 el papel fundamental de los magistrados en la implementaci\u00f3n de las leyes, especialmente en el marco de los protocolos de guerra y el r\u00e9gimen de excepci\u00f3n, que permitieron una respuesta m\u00e1s eficaz frente a las organizaciones delictivas. En ese contexto, Villatoro explic\u00f3 que el concepto de pertenencia a las organizaciones criminales fue crucial para aplicar medidas contra los integrantes de estas estructuras.<\/span><\/p>\n<div class=\"twitter-tweet twitter-tweet-rendered\"><iframe id=\"twitter-widget-0\" class=\"\" title=\"X Post\" src=\"https:\/\/platform.twitter.com\/embed\/Tweet.html?dnt=false&amp;embedId=twitter-widget-0&amp;features=eyJ0ZndfdGltZWxpbmVfbGlzdCI6eyJidWNrZXQiOltdLCJ2ZXJzaW9uIjpudWxsfSwidGZ3X2ZvbGxvd2VyX2NvdW50X3N1bnNldCI6eyJidWNrZXQiOnRydWUsInZlcnNpb24iOm51bGx9LCJ0ZndfdHdlZXRfZWRpdF9iYWNrZW5kIjp7ImJ1Y2tldCI6Im9uIiwidmVyc2lvbiI6bnVsbH0sInRmd19yZWZzcmNfc2Vzc2lvbiI6eyJidWNrZXQiOiJvbiIsInZlcnNpb24iOm51bGx9LCJ0ZndfZm9zbnJfc29mdF9pbnRlcnZlbnRpb25zX2VuYWJsZWQiOnsiYnVja2V0Ijoib24iLCJ2ZXJzaW9uIjpudWxsfSwidGZ3X21peGVkX21lZGlhXzE1ODk3Ijp7ImJ1Y2tldCI6InRyZWF0bWVudCIsInZlcnNpb24iOm51bGx9LCJ0ZndfZXhwZXJpbWVudHNfY29va2llX2V4cGlyYXRpb24iOnsiYnVja2V0IjoxMjA5NjAwLCJ2ZXJzaW9uIjpudWxsfSwidGZ3X3Nob3dfYmlyZHdhdGNoX3Bpdm90c19lbmFibGVkIjp7ImJ1Y2tldCI6Im9uIiwidmVyc2lvbiI6bnVsbH0sInRmd19kdXBsaWNhdGVfc2NyaWJlc190b19zZXR0aW5ncyI6eyJidWNrZXQiOiJvbiIsInZlcnNpb24iOm51bGx9LCJ0ZndfdXNlX3Byb2ZpbGVfaW1hZ2Vfc2hhcGVfZW5hYmxlZCI6eyJidWNrZXQiOiJvbiIsInZlcnNpb24iOm51bGx9LCJ0ZndfdmlkZW9faGxzX2R5bmFtaWNfbWFuaWZlc3RzXzE1MDgyIjp7ImJ1Y2tldCI6InRydWVfYml0cmF0ZSIsInZlcnNpb24iOm51bGx9LCJ0ZndfbGVnYWN5X3RpbWVsaW5lX3N1bnNldCI6eyJidWNrZXQiOnRydWUsInZlcnNpb24iOm51bGx9LCJ0ZndfdHdlZXRfZWRpdF9mcm9udGVuZCI6eyJidWNrZXQiOiJvbiIsInZlcnNpb24iOm51bGx9fQ%3D%3D&amp;frame=false&amp;hideCard=false&amp;hideThread=false&amp;id=1841557877984563265&amp;lang=es&amp;origin=https%3A%2F%2Fwww.mendoza.gov.ar%2Fprensa%2Frus-participo-del-encuentro-de-seguridad-que-encabezo-bullrich-junto-a-villatoro%2F&amp;sessionId=4446e0aeb9487560776ab60a3645fa032d0e5da2&amp;theme=light&amp;widgetsVersion=2615f7e52b7e0%3A1702314776716&amp;width=550px\" frameborder=\"0\" scrolling=\"no\" allowfullscreen=\"allowfullscreen\" data-tweet-id=\"1841557877984563265\" data-mce-fragment=\"1\"><\/iframe><\/div>\n<p><span style=\"color: #000000;\"><em><strong>\u201cEl enfoque de pertenencia a una banda u organizaci\u00f3n delictiva tiene puntos en com\u00fan con el proyecto de ley antimafia que Patricia Bullrich present\u00f3 en Argentina. La iniciativa est\u00e1 inspirada en legislaciones internacionales como la ley antimafia italiana, la ley antiterrorista de Espa\u00f1a y la ley anticontrabando de Estados Unidos, las cuales fueron pilares en la estrategia de seguridad salvadore\u00f1a\u201d<\/strong><\/em>, explic\u00f3 Rus.<\/span><\/p>\n<p><span style=\"color: #000000;\">En ese sentido, la ministra sostuvo que <em><strong>\u201cse necesitan herramientas legales para empoderar a las fuerzas en la lucha contra el delito, para ser m\u00e1s eficientes y estar m\u00e1s organizados que los delincuentes. La ley antimafia fue aprobada con amplia mayor\u00eda ayer en el Congreso, lamentando que algunos diputados de Mendoza del PJ entiendan inconveniente otorgar estas herramientas para la lucha contra el delito\u201d.<\/strong><\/em><\/span><\/p>\n","protected":false},"excerpt":{"rendered":"<p>La ministra de Seguridad y Justicia fue invitada por autoridades del Gobierno nacional a la reuni\u00f3n de trabajo que mantuvieron con &#8230;<\/p>\n","protected":false},"author":7,"featured_media":140153,"comment_status":"open","ping_status":"open","sticky":false,"template":"","format":"standard","meta":{"footnotes":""},"categories":[10,33],"tags":[],"class_list":["post-140152","post","type-post","status-publish","format-standard","has-post-thumbnail","hentry","category-destacadas","category-seguridad"],"_links":{"self":[{"href":"https:\/\/vinasfm.com\/noticias\/wp-json\/wp\/v2\/posts\/140152","targetHints":{"allow":["GET"]}}],"collection":[{"href":"https:\/\/vinasfm.com\/noticias\/wp-json\/wp\/v2\/posts"}],"about":[{"href":"https:\/\/vinasfm.com\/noticias\/wp-json\/wp\/v2\/types\/post"}],"author":[{"embeddable":true,"href":"https:\/\/vinasfm.com\/noticias\/wp-json\/wp\/v2\/users\/7"}],"replies":[{"embeddable":true,"href":"https:\/\/vinasfm.com\/noticias\/wp-json\/wp\/v2\/comments?post=140152"}],"version-history":[{"count":1,"href":"https:\/\/vinasfm.com\/noticias\/wp-json\/wp\/v2\/posts\/140152\/revisions"}],"predecessor-version":[{"id":140154,"href":"https:\/\/vinasfm.com\/noticias\/wp-json\/wp\/v2\/posts\/140152\/revisions\/140154"}],"wp:featuredmedia":[{"embeddable":true,"href":"https:\/\/vinasfm.com\/noticias\/wp-json\/wp\/v2\/media\/140153"}],"wp:attachment":[{"href":"https:\/\/vinasfm.com\/noticias\/wp-json\/wp\/v2\/media?parent=140152"}],"wp:term":[{"taxonomy":"category","embeddable":true,"href":"https:\/\/vinasfm.com\/noticias\/wp-json\/wp\/v2\/categories?post=140152"},{"taxonomy":"post_tag","embeddable":true,"href":"https:\/\/vinasfm.com\/noticias\/wp-json\/wp\/v2\/tags?post=140152"}],"curies":[{"name":"wp","href":"https:\/\/api.w.org\/{rel}","templated":true}]}}