{"id":140125,"date":"2024-10-02T09:42:03","date_gmt":"2024-10-02T12:42:03","guid":{"rendered":"https:\/\/vinasfm.com\/noticias\/?p=140125"},"modified":"2024-10-03T08:34:25","modified_gmt":"2024-10-03T11:34:25","slug":"el-gobierno-de-mendoza-oficializo-un-aumento-del-47-de-la-tarifa-de-taxis-y-lo-aplicara-en-dos-tramos","status":"publish","type":"post","link":"https:\/\/vinasfm.com\/noticias\/el-gobierno-de-mendoza-oficializo-un-aumento-del-47-de-la-tarifa-de-taxis-y-lo-aplicara-en-dos-tramos\/","title":{"rendered":"EL GOBIERNO DE MENDOZA OFICIALIZ\u00d3 UN AUMENTO DEL 47% DE LA TARIFA DE TAXIS Y LO APLICAR\u00c1 EN DOS TRAMOS"},"content":{"rendered":"<h4><span style=\"color: #000000;\">Uno de los tramos del 23,5% se aplicar\u00e1 desde este mi\u00e9rcoles y en diciembre se ejecutar\u00e1 la otra mitad.<\/span><\/h4>\n<article class=\"article-body first\">\n<div class=\"article-content\">\n<div class=\"cuerpo\" data-twitter-link=\"\" data-word-count=\"36\" data-p-count=\"1\">\n<p><span style=\"color: #000000;\">El Gobierno de Mendoza oficializ\u00f3 este mi\u00e9rcoles un aumento de la\u00a0<strong>tarifa de taxis\u00a0<\/strong>y remises del 47,05%. Lo ejecutar\u00e1 en dos tramos: uno desde octubre y el otro, a partir del 3 de diciembre.<\/span><\/p>\n<\/div>\n<\/div>\n<\/article>\n<article class=\"article-body\">\n<div class=\"article-content\">\n<div class=\"cuerpo\" data-twitter-link=\"\" data-word-count=\"48\" data-p-count=\"2\">\n<p><span style=\"color: #000000;\">A ra\u00edz de los aumentos en insumos, como en salarios, la provincia autoriz\u00f3 lo solicitado por los propietarios del servicio, se dio\u00a0<strong>luz verde al incremento<\/strong>\u00a0en el servicio.<\/span><\/p>\n<h2><span style=\"color: #000000;\"><strong>C\u00f3mo queda la tarifa de taxis en Mendoza<\/strong><\/span><\/h2>\n<p><span style=\"color: #000000;\"><strong>Gran Mendoza &#8211; Diurno<\/strong><\/span><\/p>\n<ul>\n<li><span style=\"color: #000000;\">\u00a0Ficha: $51<\/span><\/li>\n<li><span style=\"color: #000000;\">Bajada de bandera $955<\/span><\/li>\n<li><span style=\"color: #000000;\">Cada minuto de espera: $51<\/span><\/li>\n<\/ul>\n<p><span style=\"color: #000000;\"><strong>Gran Mendoza &#8211; Nocturno<\/strong><\/span><\/p>\n<ul>\n<li><span style=\"color: #000000;\">\u00a0Ficha: $62<\/span><\/li>\n<li><span style=\"color: #000000;\">Bajada de bandera $1.142<\/span><\/li>\n<li><span style=\"color: #000000;\">Cada minuto de espera: $62<\/span><\/li>\n<\/ul>\n<p><span style=\"color: #000000;\"><strong>Centro, Sur, Norte, Este y Uspallata &#8211; Diurno<\/strong><\/span><\/p>\n<ul>\n<li><span style=\"color: #000000;\">\u00a0Ficha: $60<\/span><\/li>\n<li><span style=\"color: #000000;\">Bajada de bandera $1.063<\/span><\/li>\n<li><span style=\"color: #000000;\">Cada minuto de espera: $60<\/span><\/li>\n<\/ul>\n<p><span style=\"color: #000000;\"><strong>Centro, Sur, Norte, Este y Uspallata &#8211; Nocturno<\/strong><\/span><\/p>\n<ul>\n<li><span style=\"color: #000000;\">\u00a0Ficha: $67<\/span><\/li>\n<li><span style=\"color: #000000;\">Bajada de bandera $1.269<\/span><\/li>\n<li><span style=\"color: #000000;\">Cada minuto de espera: $67<\/span><\/li>\n<\/ul>\n<h2><span style=\"color: #000000;\">Los valores del taxi a partir del 3 de diciembre<\/span><\/h2>\n<p><span style=\"color: #000000;\"><strong>Gran Mendoza &#8211; Diurno<\/strong><\/span><\/p>\n<ul>\n<li><span style=\"color: #000000;\">\u00a0Ficha: $61<\/span><\/li>\n<li><span style=\"color: #000000;\">Bajada de bandera $1.137<\/span><\/li>\n<li><span style=\"color: #000000;\">Cada minuto de espera: $61<\/span><\/li>\n<\/ul>\n<p><span style=\"color: #000000;\"><strong>Gran Mendoza &#8211; Nocturno<\/strong><\/span><\/p>\n<ul>\n<li><span style=\"color: #000000;\">\u00a0Ficha: $74<\/span><\/li>\n<li><span style=\"color: #000000;\">Bajada de bandera $1.359<\/span><\/li>\n<li><span style=\"color: #000000;\">Cada minuto de espera: $74<\/span><\/li>\n<\/ul>\n<p><span style=\"color: #000000;\"><strong>Centro, Sur, Norte, Este y Uspallata &#8211; Diurno<\/strong><\/span><\/p>\n<ul>\n<li><span style=\"color: #000000;\">\u00a0Ficha: $71<\/span><\/li>\n<li><span style=\"color: #000000;\">Bajada de bandera $1.265<\/span><\/li>\n<li><span style=\"color: #000000;\">Cada minuto de espera: $71<\/span><\/li>\n<\/ul>\n<p><span style=\"color: #000000;\"><strong>Centro, Sur, Norte, Este y Uspallata &#8211; Nocturno<\/strong><\/span><\/p>\n<ul>\n<li><span style=\"color: #000000;\">\u00a0Ficha: $807<\/span><\/li>\n<li><span style=\"color: #000000;\">Bajada de bandera $1.511<\/span><\/li>\n<li><span style=\"color: #000000;\">Cada minuto de espera: $80<\/span><\/li>\n<\/ul>\n<\/div>\n<\/div>\n<\/article>\n","protected":false},"excerpt":{"rendered":"<p>Uno de los tramos del 23,5% se aplicar\u00e1 desde este mi\u00e9rcoles y en diciembre se ejecutar\u00e1 la otra mitad. El Gobierno &#8230;<\/p>\n","protected":false},"author":7,"featured_media":140126,"comment_status":"open","ping_status":"open","sticky":false,"template":"","format":"standard","meta":{"footnotes":""},"categories":[5,169],"tags":[],"class_list":["post-140125","post","type-post","status-publish","format-standard","has-post-thumbnail","hentry","category-actualidad","category-aumentos"],"_links":{"self":[{"href":"https:\/\/vinasfm.com\/noticias\/wp-json\/wp\/v2\/posts\/140125","targetHints":{"allow":["GET"]}}],"collection":[{"href":"https:\/\/vinasfm.com\/noticias\/wp-json\/wp\/v2\/posts"}],"about":[{"href":"https:\/\/vinasfm.com\/noticias\/wp-json\/wp\/v2\/types\/post"}],"author":[{"embeddable":true,"href":"https:\/\/vinasfm.com\/noticias\/wp-json\/wp\/v2\/users\/7"}],"replies":[{"embeddable":true,"href":"https:\/\/vinasfm.com\/noticias\/wp-json\/wp\/v2\/comments?post=140125"}],"version-history":[{"count":2,"href":"https:\/\/vinasfm.com\/noticias\/wp-json\/wp\/v2\/posts\/140125\/revisions"}],"predecessor-version":[{"id":140131,"href":"https:\/\/vinasfm.com\/noticias\/wp-json\/wp\/v2\/posts\/140125\/revisions\/140131"}],"wp:featuredmedia":[{"embeddable":true,"href":"https:\/\/vinasfm.com\/noticias\/wp-json\/wp\/v2\/media\/140126"}],"wp:attachment":[{"href":"https:\/\/vinasfm.com\/noticias\/wp-json\/wp\/v2\/media?parent=140125"}],"wp:term":[{"taxonomy":"category","embeddable":true,"href":"https:\/\/vinasfm.com\/noticias\/wp-json\/wp\/v2\/categories?post=140125"},{"taxonomy":"post_tag","embeddable":true,"href":"https:\/\/vinasfm.com\/noticias\/wp-json\/wp\/v2\/tags?post=140125"}],"curies":[{"name":"wp","href":"https:\/\/api.w.org\/{rel}","templated":true}]}}