{"id":140104,"date":"2024-10-01T18:33:57","date_gmt":"2024-10-01T21:33:57","guid":{"rendered":"https:\/\/vinasfm.com\/noticias\/?p=140104"},"modified":"2024-10-02T10:30:39","modified_gmt":"2024-10-02T13:30:39","slug":"este-sabado-se-realizara-el-festival-de-musica-cristiana-remar-music-fest","status":"publish","type":"post","link":"https:\/\/vinasfm.com\/noticias\/este-sabado-se-realizara-el-festival-de-musica-cristiana-remar-music-fest\/","title":{"rendered":"ESTE S\u00c1BADO SE REALIZAR\u00c1 EL FESTIVAL DE M\u00daSICA CRISTIANA \u00abREMAR MUSIC FEST\u00bb"},"content":{"rendered":"<h4>La actividad tendr\u00e1 lugar en el Polideportivo Deportistas Alvearenses y comenzar\u00e1 a partir de las 13:00 horas.<\/h4>\n<p><span style=\"color: #003366;\"><strong>Victor Festa<\/strong><\/span>, miembro de la organizaci\u00f3n, brind\u00f3 detalles de lo que ser\u00e1 este festival de m\u00fasica cristiana. Seg\u00fan se\u00f1al\u00f3, <strong>el d\u00eda viernes llegar\u00e1n los integrantes de<em> \u00abEl Rescate\u00bb<\/em>, sumado a otras 13 bandas locales. El d\u00eda mi\u00e9rcoles comenzar\u00e1 el armado t\u00e9cnico del evento para que los artistas comiencen a realizar las pruebas de sonido.<\/strong><\/p>\n<p>Sobre la venta de entradas, que tienen un valor de $3.000, fiesta se\u00f1al\u00f3 que <em><strong>\u00abhasta el momento se han distribuido cerca de 1700 entradas, por lo que se espera una importante convocatoria\u00bb.<\/strong><\/em><\/p>\n<p>En el a\u00f1o 2011, este festival de m\u00fasica cristiana comenz\u00f3 en Buenos Aires bajo el nombre \u00abRemar Rock\u00bb, luego comenz\u00f3 a incluir distintos g\u00e9neros musicales y pas\u00f3 a llamarse \u00abRemar Fest\u00bb. <strong>En Mendoza la actividad comenz\u00f3 en el a\u00f1o 2013, concentr\u00e1ndose en el departamento de Las Heras y por primera vez llega a General Alvear.<\/strong><\/p>\n<p><strong><em>\u00abPara nosotros es muy importante generar este movimiento en el departamento y contar con el apoyo del Municipio para transmitir nuestro mensaje\u00bb<\/em><\/strong>, expres\u00f3 Festa.<\/p>\n","protected":false},"excerpt":{"rendered":"<p>La actividad tendr\u00e1 lugar en el Polideportivo Deportistas Alvearenses y comenzar\u00e1 a partir de las 13:00 horas. Victor Festa, miembro de &#8230;<\/p>\n","protected":false},"author":7,"featured_media":139863,"comment_status":"open","ping_status":"open","sticky":false,"template":"","format":"standard","meta":{"footnotes":""},"categories":[5,63],"tags":[],"class_list":["post-140104","post","type-post","status-publish","format-standard","has-post-thumbnail","hentry","category-actualidad","category-iglesia"],"_links":{"self":[{"href":"https:\/\/vinasfm.com\/noticias\/wp-json\/wp\/v2\/posts\/140104","targetHints":{"allow":["GET"]}}],"collection":[{"href":"https:\/\/vinasfm.com\/noticias\/wp-json\/wp\/v2\/posts"}],"about":[{"href":"https:\/\/vinasfm.com\/noticias\/wp-json\/wp\/v2\/types\/post"}],"author":[{"embeddable":true,"href":"https:\/\/vinasfm.com\/noticias\/wp-json\/wp\/v2\/users\/7"}],"replies":[{"embeddable":true,"href":"https:\/\/vinasfm.com\/noticias\/wp-json\/wp\/v2\/comments?post=140104"}],"version-history":[{"count":2,"href":"https:\/\/vinasfm.com\/noticias\/wp-json\/wp\/v2\/posts\/140104\/revisions"}],"predecessor-version":[{"id":140106,"href":"https:\/\/vinasfm.com\/noticias\/wp-json\/wp\/v2\/posts\/140104\/revisions\/140106"}],"wp:featuredmedia":[{"embeddable":true,"href":"https:\/\/vinasfm.com\/noticias\/wp-json\/wp\/v2\/media\/139863"}],"wp:attachment":[{"href":"https:\/\/vinasfm.com\/noticias\/wp-json\/wp\/v2\/media?parent=140104"}],"wp:term":[{"taxonomy":"category","embeddable":true,"href":"https:\/\/vinasfm.com\/noticias\/wp-json\/wp\/v2\/categories?post=140104"},{"taxonomy":"post_tag","embeddable":true,"href":"https:\/\/vinasfm.com\/noticias\/wp-json\/wp\/v2\/tags?post=140104"}],"curies":[{"name":"wp","href":"https:\/\/api.w.org\/{rel}","templated":true}]}}