{"id":140088,"date":"2024-10-01T10:06:29","date_gmt":"2024-10-01T13:06:29","guid":{"rendered":"https:\/\/vinasfm.com\/noticias\/?p=140088"},"modified":"2024-10-02T09:47:58","modified_gmt":"2024-10-02T12:47:58","slug":"codigo-de-aguas-productores-y-empresarios-locales-se-reunieron-para-reafirmar-su-rechazo","status":"publish","type":"post","link":"https:\/\/vinasfm.com\/noticias\/codigo-de-aguas-productores-y-empresarios-locales-se-reunieron-para-reafirmar-su-rechazo\/","title":{"rendered":"C\u00d3DIGO DE AGUAS: PRODUCTORES Y EMPRESARIOS LOCALES SE REUNIERON PARA REAFIRMAR SU RECHAZO"},"content":{"rendered":"<h4><span style=\"color: #000000;\">El pasado viernes, la Multisectorial General Alvear, la Federaci\u00f3n Agraria de Bowen y la C\u00e1mara de Comercio convocaron a una importante charla debate que cont\u00f3 con la disertaci\u00f3n del Dr. Ra\u00fal Pizzolito, abogado representante de FECOVITA.<\/span><\/h4>\n<p><span style=\"color: #000000;\">D\u00edas despu\u00e9s de la reuni\u00f3n que se realiz\u00f3 en el <strong>Sal\u00f3n Fern\u00e1ndez del Predio Ferial<\/strong>, el <em>productor y defensor del agua,<\/em> <span style=\"color: #003366;\"><strong>Javier L\u00f3pez<\/strong><\/span>, se\u00f1al\u00f3 que<em><strong> \u201cla postura es clara y concisa, seguimos sosteniendo nuestra disconformidad con la propuesta\u201d. Adem\u00e1s, se\u00f1al\u00f3 que \u201cse continuar\u00e1 presentando a los legisladores nuestros reclamos y los fundamentos de nuestra oposici\u00f3n\u201d.<\/strong><\/em><\/span><\/p>\n<p><span style=\"color: #000000;\">Si bien, desde el <strong>Gobierno Provincial<\/strong> y el <strong>Departamento General de Irrigaci\u00f3n<\/strong> han dado lugar al di\u00e1logo, L\u00f3pez sostuvo que<strong><em> \u201cse han planteado muchas cosas de las cuales no se ha tomado absolutamente nada, rechazando nuestros planteos como infundados\u201d.<\/em><\/strong> Es importante recordar que hasta el 15 de octubre, productores, empresarios y dem\u00e1s actores del sector pueden proponer cambios en el texto.<\/span><\/p>\n<p><span style=\"color: #000000;\">De esta importante reuni\u00f3n fueron parte integrantes de la <strong>Multisectorial de General Alvear<\/strong>, la <strong>Federaci\u00f3n Agraria de Bowen<\/strong> y autoridades de la<strong> C\u00e1mara de Comercio<\/strong>. Sin embargo, el productor expuso la poca participaci\u00f3n de los concejales ya que solo participaron <strong>N\u00e9stor Ortega<\/strong> <em>(LAUM)<\/em> y <strong>Raquel Yunes<\/strong> (<em>Bloque Encuentro)<\/em>. En cuanto a los legisladores del 4\u00b0 Distrito, quienes tambi\u00e9n fueron invitados, solo se present\u00f3 el <strong>Licenciado Walther Marcolini.<\/strong><\/span><\/p>\n<p><span style=\"color: #000000;\">Sobre el futuro del C\u00f3digo de Aguas, L\u00f3pez explic\u00f3 que <em><strong>\u201c10 d\u00edas despu\u00e9s del 15 de octubre ingresar\u00e1 el texto a la legislatura, pero tememos que si la situaci\u00f3n contin\u00faa como hasta el momento no van a realizar ninguna modificaci\u00f3n\u201d<\/strong><\/em>. Por \u00faltimo, el productor sostuvo que <em><strong>\u201cno quieren dar lugar a los cambios y muchos menos escucharnos\u201d.<\/strong><\/em><\/span><\/p>\n","protected":false},"excerpt":{"rendered":"<p>El pasado viernes, la Multisectorial General Alvear, la Federaci\u00f3n Agraria de Bowen y la C\u00e1mara de Comercio convocaron a una importante &#8230;<\/p>\n","protected":false},"author":7,"featured_media":140095,"comment_status":"open","ping_status":"open","sticky":false,"template":"","format":"standard","meta":{"footnotes":""},"categories":[206,10],"tags":[],"class_list":["post-140088","post","type-post","status-publish","format-standard","has-post-thumbnail","hentry","category-codigo-de-agua","category-destacadas"],"_links":{"self":[{"href":"https:\/\/vinasfm.com\/noticias\/wp-json\/wp\/v2\/posts\/140088","targetHints":{"allow":["GET"]}}],"collection":[{"href":"https:\/\/vinasfm.com\/noticias\/wp-json\/wp\/v2\/posts"}],"about":[{"href":"https:\/\/vinasfm.com\/noticias\/wp-json\/wp\/v2\/types\/post"}],"author":[{"embeddable":true,"href":"https:\/\/vinasfm.com\/noticias\/wp-json\/wp\/v2\/users\/7"}],"replies":[{"embeddable":true,"href":"https:\/\/vinasfm.com\/noticias\/wp-json\/wp\/v2\/comments?post=140088"}],"version-history":[{"count":2,"href":"https:\/\/vinasfm.com\/noticias\/wp-json\/wp\/v2\/posts\/140088\/revisions"}],"predecessor-version":[{"id":140096,"href":"https:\/\/vinasfm.com\/noticias\/wp-json\/wp\/v2\/posts\/140088\/revisions\/140096"}],"wp:featuredmedia":[{"embeddable":true,"href":"https:\/\/vinasfm.com\/noticias\/wp-json\/wp\/v2\/media\/140095"}],"wp:attachment":[{"href":"https:\/\/vinasfm.com\/noticias\/wp-json\/wp\/v2\/media?parent=140088"}],"wp:term":[{"taxonomy":"category","embeddable":true,"href":"https:\/\/vinasfm.com\/noticias\/wp-json\/wp\/v2\/categories?post=140088"},{"taxonomy":"post_tag","embeddable":true,"href":"https:\/\/vinasfm.com\/noticias\/wp-json\/wp\/v2\/tags?post=140088"}],"curies":[{"name":"wp","href":"https:\/\/api.w.org\/{rel}","templated":true}]}}