{"id":140063,"date":"2024-09-30T11:44:30","date_gmt":"2024-09-30T14:44:30","guid":{"rendered":"https:\/\/vinasfm.com\/noticias\/?p=140063"},"modified":"2024-10-02T09:50:07","modified_gmt":"2024-10-02T12:50:07","slug":"personal-del-hospital-enfermeros-argentinos-realizo-acciones-en-el-marco-del-dia-del-corazon","status":"publish","type":"post","link":"https:\/\/vinasfm.com\/noticias\/personal-del-hospital-enfermeros-argentinos-realizo-acciones-en-el-marco-del-dia-del-corazon\/","title":{"rendered":"PERSONAL DEL HOSPITAL ENFERMEROS ARGENTINOS REALIZ\u00d3 ACCIONES EN EL MARCO DEL \u201cD\u00cdA DEL CORAZ\u00d3N\u201d"},"content":{"rendered":"<h4><span style=\"color: #000000;\">El\u00a029 de septiembre\u00a0se conmemora el D\u00eda Mundial del Coraz\u00f3n. Este \u00f3rgano nos acompa\u00f1a toda la vida, y debemos asegurarnos de cuidarlo bien<\/span><\/h4>\n<p><span style=\"color: #000000;\">En el marco del <strong>\u201cD\u00eda del Coraz\u00f3n\u201d<\/strong>, personal del \u00e1rea de cardiolog\u00eda del nosocomio local se instal\u00f3 en la Plaza Carlos Mar\u00eda de Alvear y desde all\u00ed realizaron una importante acci\u00f3n de prevenci\u00f3n con la comunidad alvearense. <span style=\"color: #003366;\"><strong>Natalia Estrella<\/strong><\/span>, <em>M\u00e9dica Cardi\u00f3loga<\/em>, se\u00f1al\u00f3 que <strong>\u201c<em>desde el hospital siempre se aprovecha cualquier oportunidad para salir a las calles e incentivar a la gente a realizarse distintos controles\u201d.<\/em><\/strong><\/span><\/p>\n<p><span style=\"color: #000000;\">En esta oportunidad, la acci\u00f3n consisti\u00f3 en la medici\u00f3n del per\u00edmetro de cintura para calcular el riesgo cardiovascular de los pacientes. <em><strong>\u201cLa presi\u00f3n arterial es una forma muy sencilla de evaluaci\u00f3n y con ella podemos tenemos un mont\u00f3n informaci\u00f3n sobre el riesgo cardiovascular\u201d<\/strong><\/em>, expres\u00f3 Estrella en los micr\u00f3fonos de <span style=\"color: #800080;\"><strong>FM VI\u00d1AS.<\/strong><\/span><\/span><\/p>\n<h2><span style=\"color: #000000;\">La influencia de la presi\u00f3n en la salud<\/span><\/h2>\n<p><span style=\"color: #000000;\">Al ser consultada sobre cu\u00e1nto influye la presi\u00f3n en la salud de las personas, Natalia Estrella explic\u00f3 que <strong><em>\u201cse trata de un factor determinante. De acuerdo a las estadistas, la principal causa de mortalidad en hombres y mujeres es la enfermedad cardiovascular, destacando como principal factor de riesgo la Hipertensi\u00f3n Arterial\u201d.<\/em><\/strong><\/span><\/p>\n<p><span style=\"color: #000000;\">De acuerdo a la informaci\u00f3n brindada, el control de la Hipertensi\u00f3n aumenta las posibilidades de reducir la mortalidad por enfermedad cardiovascular y con ella las posibles secuelas que pueden presentar los pacientes que sufran un Accidente Cardiovascular (ACV) o infartos.<\/span><\/p>\n<p>&nbsp;<\/p>\n","protected":false},"excerpt":{"rendered":"<p>El\u00a029 de septiembre\u00a0se conmemora el D\u00eda Mundial del Coraz\u00f3n. Este \u00f3rgano nos acompa\u00f1a toda la vida, y debemos asegurarnos de cuidarlo &#8230;<\/p>\n","protected":false},"author":7,"featured_media":140067,"comment_status":"open","ping_status":"open","sticky":false,"template":"","format":"standard","meta":{"footnotes":""},"categories":[15,11],"tags":[],"class_list":["post-140063","post","type-post","status-publish","format-standard","has-post-thumbnail","hentry","category-salud","category-sociales"],"_links":{"self":[{"href":"https:\/\/vinasfm.com\/noticias\/wp-json\/wp\/v2\/posts\/140063","targetHints":{"allow":["GET"]}}],"collection":[{"href":"https:\/\/vinasfm.com\/noticias\/wp-json\/wp\/v2\/posts"}],"about":[{"href":"https:\/\/vinasfm.com\/noticias\/wp-json\/wp\/v2\/types\/post"}],"author":[{"embeddable":true,"href":"https:\/\/vinasfm.com\/noticias\/wp-json\/wp\/v2\/users\/7"}],"replies":[{"embeddable":true,"href":"https:\/\/vinasfm.com\/noticias\/wp-json\/wp\/v2\/comments?post=140063"}],"version-history":[{"count":2,"href":"https:\/\/vinasfm.com\/noticias\/wp-json\/wp\/v2\/posts\/140063\/revisions"}],"predecessor-version":[{"id":140097,"href":"https:\/\/vinasfm.com\/noticias\/wp-json\/wp\/v2\/posts\/140063\/revisions\/140097"}],"wp:featuredmedia":[{"embeddable":true,"href":"https:\/\/vinasfm.com\/noticias\/wp-json\/wp\/v2\/media\/140067"}],"wp:attachment":[{"href":"https:\/\/vinasfm.com\/noticias\/wp-json\/wp\/v2\/media?parent=140063"}],"wp:term":[{"taxonomy":"category","embeddable":true,"href":"https:\/\/vinasfm.com\/noticias\/wp-json\/wp\/v2\/categories?post=140063"},{"taxonomy":"post_tag","embeddable":true,"href":"https:\/\/vinasfm.com\/noticias\/wp-json\/wp\/v2\/tags?post=140063"}],"curies":[{"name":"wp","href":"https:\/\/api.w.org\/{rel}","templated":true}]}}