{"id":140058,"date":"2024-09-30T10:52:20","date_gmt":"2024-09-30T13:52:20","guid":{"rendered":"https:\/\/vinasfm.com\/noticias\/?p=140058"},"modified":"2024-10-02T09:50:35","modified_gmt":"2024-10-02T12:50:35","slug":"delincuentes-cometieron-un-importante-robo-en-un-comercio-de-real-del-padre","status":"publish","type":"post","link":"https:\/\/vinasfm.com\/noticias\/delincuentes-cometieron-un-importante-robo-en-un-comercio-de-real-del-padre\/","title":{"rendered":"DELINCUENTES COMETIERON UN IMPORTANTE ROBO EN UN COMERCIO DE REAL DEL PADRE"},"content":{"rendered":"<h4><span style=\"color: #000000;\">El local ubicado en inmediaciones de calles C\u00f3rdoba y Malvinas Argentinas de Real del Padre.<\/span><\/h4>\n<p><span style=\"color: #000000;\">La v\u00edctima, un hombre de 44 a\u00f1os identificado como R.R., denuci\u00f3 que personas desconocidas,<strong> previo violentar la persiana del loca,l ingresaron al inmueble y del sustrajeron una importante cantidad de elementos tales como:<\/strong> <\/span><\/p>\n<ul>\n<li><span style=\"color: #000000;\">Una notebook con cargador.<\/span><\/li>\n<li><span style=\"color: #000000;\">Cuatro tel\u00e9fonos celulares.<\/span><\/li>\n<li><span style=\"color: #000000;\">25 cargadores de tel\u00e9fonos celulares.<\/span><\/li>\n<li><span style=\"color: #000000;\">15 auriculares.<\/span><\/li>\n<li><span style=\"color: #000000;\">10 adaptadores de USB.<\/span><\/li>\n<li><span style=\"color: #000000;\"> 30 fundas de tel\u00e9fonos celulares.<\/span><\/li>\n<li><span style=\"color: #000000;\">$2,000.<\/span><\/li>\n<li><span style=\"color: #000000;\">25 cables de USB.<\/span><\/li>\n<li><span style=\"color: #000000;\">5 relojes SMART.<\/span><\/li>\n<li><span style=\"color: #000000;\">4 relojes pulseras.<\/span><\/li>\n<li><span style=\"color: #000000;\">3 parlantes.<\/span><\/li>\n<li><span style=\"color: #000000;\">Una vincha auricular.<\/span><\/li>\n<li><span style=\"color: #000000;\">4 bater\u00edas.<\/span><\/li>\n<li><span style=\"color: #000000;\">4 tablets.<\/span><\/li>\n<\/ul>\n<p><span style=\"color: #000000;\">Trabajan en la investigaci\u00f3n personal policial de la Comisar\u00eda 26\u00b0.\u00a0<\/span><\/p>\n","protected":false},"excerpt":{"rendered":"<p>El local ubicado en inmediaciones de calles C\u00f3rdoba y Malvinas Argentinas de Real del Padre. La v\u00edctima, un hombre de 44 &#8230;<\/p>\n","protected":false},"author":7,"featured_media":140059,"comment_status":"open","ping_status":"open","sticky":false,"template":"","format":"standard","meta":{"footnotes":""},"categories":[201,4],"tags":[],"class_list":["post-140058","post","type-post","status-publish","format-standard","has-post-thumbnail","hentry","category-inseguridad","category-policiales"],"_links":{"self":[{"href":"https:\/\/vinasfm.com\/noticias\/wp-json\/wp\/v2\/posts\/140058","targetHints":{"allow":["GET"]}}],"collection":[{"href":"https:\/\/vinasfm.com\/noticias\/wp-json\/wp\/v2\/posts"}],"about":[{"href":"https:\/\/vinasfm.com\/noticias\/wp-json\/wp\/v2\/types\/post"}],"author":[{"embeddable":true,"href":"https:\/\/vinasfm.com\/noticias\/wp-json\/wp\/v2\/users\/7"}],"replies":[{"embeddable":true,"href":"https:\/\/vinasfm.com\/noticias\/wp-json\/wp\/v2\/comments?post=140058"}],"version-history":[{"count":3,"href":"https:\/\/vinasfm.com\/noticias\/wp-json\/wp\/v2\/posts\/140058\/revisions"}],"predecessor-version":[{"id":140062,"href":"https:\/\/vinasfm.com\/noticias\/wp-json\/wp\/v2\/posts\/140058\/revisions\/140062"}],"wp:featuredmedia":[{"embeddable":true,"href":"https:\/\/vinasfm.com\/noticias\/wp-json\/wp\/v2\/media\/140059"}],"wp:attachment":[{"href":"https:\/\/vinasfm.com\/noticias\/wp-json\/wp\/v2\/media?parent=140058"}],"wp:term":[{"taxonomy":"category","embeddable":true,"href":"https:\/\/vinasfm.com\/noticias\/wp-json\/wp\/v2\/categories?post=140058"},{"taxonomy":"post_tag","embeddable":true,"href":"https:\/\/vinasfm.com\/noticias\/wp-json\/wp\/v2\/tags?post=140058"}],"curies":[{"name":"wp","href":"https:\/\/api.w.org\/{rel}","templated":true}]}}