{"id":140055,"date":"2024-09-30T10:27:38","date_gmt":"2024-09-30T13:27:38","guid":{"rendered":"https:\/\/vinasfm.com\/noticias\/?p=140055"},"modified":"2024-10-01T10:07:32","modified_gmt":"2024-10-01T13:07:32","slug":"sureno-2024-se-jugo-el-torneo-que-reune-los-mejores-exponentes-del-sur-provincial-con-buenos-resultados-para-los-alvearenses","status":"publish","type":"post","link":"https:\/\/vinasfm.com\/noticias\/sureno-2024-se-jugo-el-torneo-que-reune-los-mejores-exponentes-del-sur-provincial-con-buenos-resultados-para-los-alvearenses\/","title":{"rendered":"SURE\u00d1O 2024: SE JUG\u00d3 EL TORNEO QUE RE\u00daNE LOS MEJORES EXPONENTES DEL SUR PROVINCIAL, CON BUENOS RESULTADOS PARA LOS ALVEARENSES"},"content":{"rendered":"<h4 style=\"font-weight: 400;\"><span style=\"color: #000000;\">Organizado por la Agrupaci\u00f3n Alvearense de Ajedrez y la Escuela Municipal, con aval de la Federaci\u00f3n Mendocina de Ajedrez, entre el viernes 27 y el domingo 29 se disput\u00f3 en instalaciones de la Biblioteca Sarmiento, el torneo \u201cSure\u00f1o 2024\u201d, que buscaba clasificar a los 10 mejores jugadores de los departamentos del Sur Provincial a la Semifinal Provincial 2024.<\/span><\/h4>\n<p style=\"font-weight: 400;\"><span style=\"color: #000000;\">El torneo se disput\u00f3 bajo Sistema Suizo, 45+30, y dej\u00f3 buenas partidas, con mucha paridad en la mayor\u00eda de los cotejos.<\/span><\/p>\n<p style=\"font-weight: 400;\"><span style=\"color: #000000;\">Pese a igualar el primer puesto, Campe\u00f3n, invicto, result\u00f3 el actual Campe\u00f3n Alvearense, Juan Ignacio Ru\u00edz, con 3 victorias y 4 empates, ante Santiago S\u00e1nchez Laplace, Camilo Lieby, Roberto Ru\u00edz y Juan Sebasti\u00e1n Lieby.<\/span><\/p>\n<p><img loading=\"lazy\" decoding=\"async\" class=\"\" src=\"https:\/\/blogger.googleusercontent.com\/img\/a\/AVvXsEhj88URKwUbpouNbq6tzT4S-uCp6wqU0UqXZVnF3gGEgw-YI33GQKyxyfpbLWQiLZej5XlwETzyDfaNQtGDqJhPsolva2IQDS78EAojtqQfFGMuKuiASyuYsNErg7UX5Ku7P697GND6jCELrGOvvBFyds8UE4kPjyzSqKWIl9fOa-1sCEe_w3DSBnOLhYs\" width=\"601\" height=\"451\" \/><\/p>\n<p><span style=\"color: #000000;\">Sub Campe\u00f3n, finaliz\u00f3 el m\u00faltiple Campe\u00f3n Provincial de categor\u00edas Juveniles, Camilo Lieby, tambi\u00e9n con 3 triunfos y 2 empates, frente a \u201cJuani\u201d Ru\u00edz, Santiago S\u00e1nchez Laplace, Enzo Balderrama y Jonathan Colque.<\/span><\/p>\n<p><span style=\"color: #000000;\">Al 3\u00ba lugar del Podio lo ocup\u00f3 el actual Campe\u00f3n Mendocino Sub 18, Santiago S\u00e1nchez Laplace, con s\u00f3lo 2 victorias y 5 tablas, ante \u201cJuani\u201d Ru\u00edz, Camilo Lieby, Kevin Herrera, Roberto Ru\u00edz y Enzo Balderrama.<\/span><\/p>\n<p><img loading=\"lazy\" decoding=\"async\" class=\"\" src=\"https:\/\/blogger.googleusercontent.com\/img\/a\/AVvXsEiE2qz3pzrgJkiDF4R0cctRh0pMlzb-xCnO5Z9zjOCoDtz9GKsIRynYyYNxdZOxXoH-UMMiwa3ADu1VNnPpgMwFjZHaZU7jmmG_7_p3Dhtfxjzy6cTqUEXV8XNP5lPunQCC_7uTJHNNruF2evhbTxBRL6IEeg3PaaqU1_ixMjPsSCp51QWbHbkzTPVE2WU\" width=\"601\" height=\"451\" \/><\/p>\n<p style=\"font-weight: 400;\"><span style=\"color: #000000;\">Ahora, los 10 primeros clasificados (8 Alvearenses y 2 Sanrafaelinos), sumado a la representante Femenina, Roc\u00edo Barros (Alvear), deber\u00e1n enfrentarse ante los mejores exponentes de cada regi\u00f3n, en la Semifinal Mendocina 2024.<\/span><\/p>\n<h2 style=\"font-weight: 400;\"><span style=\"color: #000000;\"><b><strong>Principales Posiciones \u2013 Torneo Sure\u00f1o 2024:<\/strong><\/b><\/span><\/h2>\n<ol>\n<li style=\"font-weight: 400;\"><span style=\"color: #000000;\">\u00a0Juan Ignacio Ru\u00edz (Gral. Alvear)<b><strong> 5 Pts<\/strong><\/b><\/span><\/li>\n<li style=\"font-weight: 400;\"><span style=\"color: #000000;\">Camilo Lieby (Gral. Alvear)<b><strong> 5 Pts<\/strong><\/b><\/span><\/li>\n<li style=\"font-weight: 400;\"><span style=\"color: #000000;\">Santiago S\u00e1nchez Laplace (Gral. Alvear)<b><strong> 4,5 Pts<\/strong><\/b><\/span><\/li>\n<li style=\"font-weight: 400;\"><span style=\"color: #000000;\">\u00a0Kevin Herrera (San Rafael)<b><strong> 4,5 Pts<\/strong><\/b><\/span><\/li>\n<li style=\"font-weight: 400;\"><span style=\"color: #000000;\">\u00a0Jonathan Colque (Gral. Alvear)<b><strong> 4,5 Pts<\/strong><\/b><\/span><\/li>\n<li style=\"font-weight: 400;\"><span style=\"color: #000000;\">\u00a0Roberto Ru\u00edz (Gral. Alvear)<b><strong> 4,5 Pts<\/strong><\/b><\/span><\/li>\n<li style=\"font-weight: 400;\"><span style=\"color: #000000;\">Juan Sebasti\u00e1n Lieby (Gral. Alvear)<b><strong> 4,5 Pts<\/strong><\/b><\/span><\/li>\n<li style=\"font-weight: 400;\"><span style=\"color: #000000;\">\u00a0Enzo Balderrama (Gral. Alvear)<b><strong> 4 Pts<\/strong><\/b><\/span><\/li>\n<li style=\"font-weight: 400;\"><span style=\"color: #000000;\">\u00a0Iv\u00e1n Siracusa (San Rafael)<b><strong> 4 Pts<\/strong><\/b><\/span><\/li>\n<li style=\"font-weight: 400;\"><span style=\"color: #000000;\">\u00a0Mateo Salas (Gral. Alvear)<b><strong>\u00a03,5 Pts<\/strong><\/b><\/span><\/li>\n<\/ol>\n<p style=\"font-weight: 400;\"><span style=\"color: #000000;\">Desde la organizaci\u00f3n, se agradeci\u00f3 a la Comisi\u00f3n Directiva de la Biblioteca Sarmiento, y tambi\u00e9n a la Librer\u00eda \u00abPapelitos\u00bb, de Roque S\u00e1enz Pe\u00f1a 980.<\/span><\/p>\n","protected":false},"excerpt":{"rendered":"<p>Organizado por la Agrupaci\u00f3n Alvearense de Ajedrez y la Escuela Municipal, con aval de la Federaci\u00f3n Mendocina de Ajedrez, entre el &#8230;<\/p>\n","protected":false},"author":7,"featured_media":140057,"comment_status":"open","ping_status":"open","sticky":false,"template":"","format":"standard","meta":{"footnotes":""},"categories":[3,11],"tags":[],"class_list":["post-140055","post","type-post","status-publish","format-standard","has-post-thumbnail","hentry","category-deportes","category-sociales"],"_links":{"self":[{"href":"https:\/\/vinasfm.com\/noticias\/wp-json\/wp\/v2\/posts\/140055","targetHints":{"allow":["GET"]}}],"collection":[{"href":"https:\/\/vinasfm.com\/noticias\/wp-json\/wp\/v2\/posts"}],"about":[{"href":"https:\/\/vinasfm.com\/noticias\/wp-json\/wp\/v2\/types\/post"}],"author":[{"embeddable":true,"href":"https:\/\/vinasfm.com\/noticias\/wp-json\/wp\/v2\/users\/7"}],"replies":[{"embeddable":true,"href":"https:\/\/vinasfm.com\/noticias\/wp-json\/wp\/v2\/comments?post=140055"}],"version-history":[{"count":1,"href":"https:\/\/vinasfm.com\/noticias\/wp-json\/wp\/v2\/posts\/140055\/revisions"}],"predecessor-version":[{"id":140056,"href":"https:\/\/vinasfm.com\/noticias\/wp-json\/wp\/v2\/posts\/140055\/revisions\/140056"}],"wp:featuredmedia":[{"embeddable":true,"href":"https:\/\/vinasfm.com\/noticias\/wp-json\/wp\/v2\/media\/140057"}],"wp:attachment":[{"href":"https:\/\/vinasfm.com\/noticias\/wp-json\/wp\/v2\/media?parent=140055"}],"wp:term":[{"taxonomy":"category","embeddable":true,"href":"https:\/\/vinasfm.com\/noticias\/wp-json\/wp\/v2\/categories?post=140055"},{"taxonomy":"post_tag","embeddable":true,"href":"https:\/\/vinasfm.com\/noticias\/wp-json\/wp\/v2\/tags?post=140055"}],"curies":[{"name":"wp","href":"https:\/\/api.w.org\/{rel}","templated":true}]}}