{"id":139995,"date":"2024-09-27T10:21:37","date_gmt":"2024-09-27T13:21:37","guid":{"rendered":"https:\/\/vinasfm.com\/noticias\/?p=139995"},"modified":"2024-09-30T09:50:29","modified_gmt":"2024-09-30T12:50:29","slug":"exitosa-reinsercion-de-cardenales-amarillos-en-general-alvear","status":"publish","type":"post","link":"https:\/\/vinasfm.com\/noticias\/exitosa-reinsercion-de-cardenales-amarillos-en-general-alvear\/","title":{"rendered":"EXITOSA REINSERCI\u00d3N DE CARDENALES AMARILLOS EN GENERAL ALVEAR"},"content":{"rendered":"<h4><span style=\"color: #000000;\">Se logr\u00f3 gracias al trabajo coordinado del Ministerio de Energ\u00eda y Ambiente con instituciones y fundaciones. Existen aproximadamente 3.000 cardenales amarillos en el mundo y alrededor de 2.000 en Argentina. La conservaci\u00f3n de esta especie en extinci\u00f3n es crucial para el equilibrio ambiental.<\/span><\/h4>\n<p><span style=\"color: #000000;\">El <em>Departamento de Fauna de la Direcci\u00f3n de Biodiversidad y Ecoparque<\/em>, dependiente del <em>Ministerio de Energ\u00eda y Ambiente<\/em>,<strong> logr\u00f3 la reinserci\u00f3n de 8 ejemplares de cardenal amarillo (<em>Gubernatrix cristata<\/em>) en General Alvear.<\/strong> Fue gracias al trabajo coordinado con la<em> Polic\u00eda Rural, la Direcci\u00f3n de Biodiversidad y Ecoparque, SOS Acci\u00f3n Salvaje, Aves Argentinas, la Municipalidad de General Alvear, la Fundaci\u00f3n Temaik\u00e9n y el Centro de Rehabilitaci\u00f3n Especies de YPF<\/em><\/span><\/p>\n<p><span style=\"color: #000000;\"><em><strong>\u201cEsta acci\u00f3n fue posible gracias a la colaboraci\u00f3n de todas estas instituciones. Los ejemplares, rescatados de dos secuestros en General Alvear, pasaron por un per\u00edodo de recuperaci\u00f3n de m\u00e1s de un a\u00f1o en el Centro de Rehabilitaci\u00f3n de Aves Paseriformes de la Fundaci\u00f3n YPF\u201d<\/strong><\/em>, inform\u00f3 <span style=\"color: #003366;\"><strong>Haudet.<\/strong> <\/span><em><strong>\u201cEl proceso incluy\u00f3 an\u00e1lisis cl\u00ednicos, cuarentena, musculaci\u00f3n y recuperaci\u00f3n de plumas\u201d<\/strong><\/em>, detall\u00f3.<\/span><\/p>\n<p><span style=\"color: #000000;\">El jefe del <em>Departamento de Fauna<\/em>, <span style=\"color: #003366;\"><strong>Adri\u00e1n Gorrindo<\/strong><\/span>, remarc\u00f3 la importancia de la conservaci\u00f3n de esta especie: <em><strong>\u201cEl cardenal amarillo se encuentra en peligro de extinci\u00f3n debido a la p\u00e9rdida de h\u00e1bitat y tr\u00e1fico de fauna. Esta acci\u00f3n reafirma el compromiso de la provincia de Mendoza con la conservaci\u00f3n de la biodiversidad\u201d.<\/strong><\/em><\/span><\/p>\n<p><span style=\"color: #000000;\"><strong><em>\u201cEl proceso comienza con el trabajo de la Polic\u00eda Rural y el Instituto de Sanidad y Calidad Agropecuaria de Mendoza (Iscamen), que son responsables del secuestro de ejemplares que se encuentran en situaciones vulnerables. Estos cardenales amarillos son luego trasladados al Ecoparque, donde veterinarios realizan exhaustivas evaluaciones para garantizar su salud antes de proceder a su rehabilitaci\u00f3n\u201d<\/em><\/strong>, explic\u00f3 <span style=\"color: #003366;\"><strong>Juan Pablo Coniglione<\/strong><\/span>, <em>veterinario del Departamento de Fauna.<\/em><\/span><\/p>\n<p><span style=\"color: #000000;\"><em><strong>\u201cLa rehabilitaci\u00f3n tiene lugar en la Reserva de YPF, ubicada en Luj\u00e1n de Cuyo, gracias a la colaboraci\u00f3n con Aves Argentinas y la Fundaci\u00f3n Temaik\u00e9n, organizaciones que aportan su experiencia para asegurar que los ejemplares reciban el cuidado necesario para prepararlos para su vida en libertad\u201d<\/strong><\/em>, ampli\u00f3.<\/span><\/p>\n<p><img loading=\"lazy\" decoding=\"async\" class=\"\" src=\"https:\/\/www.mendoza.gov.ar\/wp-content\/uploads\/sites\/5\/2024\/09\/Aves-700x466.jpeg\" width=\"439\" height=\"292\" \/><img loading=\"lazy\" decoding=\"async\" class=\"\" src=\"https:\/\/www.mendoza.gov.ar\/wp-content\/uploads\/sites\/5\/2024\/09\/Cardenal-Amarillo-700x466.jpeg\" width=\"439\" height=\"292\" \/><\/p>\n<h2><span style=\"color: #000000;\"><strong>Reinserci\u00f3n y seguimiento<\/strong><\/span><\/h2>\n<p><span style=\"color: #000000;\">Desde el Departamento de Fauna explicaron que <strong>hay unos 3 mil cardenales amarillos en el mundo y alrededor de 2 mil est\u00e1n en Argentina. La conservaci\u00f3n de esta especie es crucial.<\/strong> No solo desempe\u00f1an un papel vital en el equilibrio ecol\u00f3gico al dispersar semillas y controlar insectos, sino que tambi\u00e9n tienen un gran potencial tur\u00edstico, ya que atraen a observadores de aves y amantes de la naturaleza.<\/span><\/p>\n<p><span style=\"color: #000000;\"><strong>Las aves fueron devueltas a campos del departamento de General Alvear<\/strong>, donde fueron colocadas rampas de escape en reservorios de agua para evitar ahogamientos. Adem\u00e1s, los ejemplares poseen un anillo para su identificaci\u00f3n y seguimiento.<\/span><\/p>\n<p><span style=\"color: #000000;\">Asimismo, el Ministerio de Energ\u00eda y Ambiente destac\u00f3 la colaboraci\u00f3n de productores y propietarios de campos del departamento de General Alvear.<\/span><\/p>\n<p><span style=\"color: #000000;\">Para m\u00e1s informaci\u00f3n o denuncia de tenencia ilegal de fauna silvestre, comunicarse con el Departamento de Fauna Silvestre de la Direcci\u00f3n de Biodiversidad y Ecoparque de Mendoza al correo\u00a0<span style=\"color: #0000ff;\"><a style=\"color: #0000ff;\" href=\"http:\/\/fauna-drnr@mendoza.gov.ar.\/\">fauna-drnr@mendoza.gov.ar<\/a><\/span>, o a los tel\u00e9fonos <span style=\"color: #0000ff;\"><strong>261 5182481<\/strong><\/span> y <span style=\"color: #0000ff;\"><strong>261 3853400<\/strong><\/span>, interno <span style=\"color: #0000ff;\"><strong>3411<\/strong><\/span>, de 8 a 13.<\/span><\/p>\n","protected":false},"excerpt":{"rendered":"<p>Se logr\u00f3 gracias al trabajo coordinado del Ministerio de Energ\u00eda y Ambiente con instituciones y fundaciones. Existen aproximadamente 3.000 cardenales amarillos &#8230;<\/p>\n","protected":false},"author":7,"featured_media":139996,"comment_status":"open","ping_status":"open","sticky":false,"template":"","format":"standard","meta":{"footnotes":""},"categories":[5,10],"tags":[],"class_list":["post-139995","post","type-post","status-publish","format-standard","has-post-thumbnail","hentry","category-actualidad","category-destacadas"],"_links":{"self":[{"href":"https:\/\/vinasfm.com\/noticias\/wp-json\/wp\/v2\/posts\/139995","targetHints":{"allow":["GET"]}}],"collection":[{"href":"https:\/\/vinasfm.com\/noticias\/wp-json\/wp\/v2\/posts"}],"about":[{"href":"https:\/\/vinasfm.com\/noticias\/wp-json\/wp\/v2\/types\/post"}],"author":[{"embeddable":true,"href":"https:\/\/vinasfm.com\/noticias\/wp-json\/wp\/v2\/users\/7"}],"replies":[{"embeddable":true,"href":"https:\/\/vinasfm.com\/noticias\/wp-json\/wp\/v2\/comments?post=139995"}],"version-history":[{"count":1,"href":"https:\/\/vinasfm.com\/noticias\/wp-json\/wp\/v2\/posts\/139995\/revisions"}],"predecessor-version":[{"id":139997,"href":"https:\/\/vinasfm.com\/noticias\/wp-json\/wp\/v2\/posts\/139995\/revisions\/139997"}],"wp:featuredmedia":[{"embeddable":true,"href":"https:\/\/vinasfm.com\/noticias\/wp-json\/wp\/v2\/media\/139996"}],"wp:attachment":[{"href":"https:\/\/vinasfm.com\/noticias\/wp-json\/wp\/v2\/media?parent=139995"}],"wp:term":[{"taxonomy":"category","embeddable":true,"href":"https:\/\/vinasfm.com\/noticias\/wp-json\/wp\/v2\/categories?post=139995"},{"taxonomy":"post_tag","embeddable":true,"href":"https:\/\/vinasfm.com\/noticias\/wp-json\/wp\/v2\/tags?post=139995"}],"curies":[{"name":"wp","href":"https:\/\/api.w.org\/{rel}","templated":true}]}}