{"id":139974,"date":"2024-09-26T20:56:26","date_gmt":"2024-09-26T23:56:26","guid":{"rendered":"https:\/\/vinasfm.com\/noticias\/?p=139974"},"modified":"2024-09-28T10:24:31","modified_gmt":"2024-09-28T13:24:31","slug":"con-la-presencia-de-marite-badui-molero-brindo-una-serie-de-anuncios","status":"publish","type":"post","link":"https:\/\/vinasfm.com\/noticias\/con-la-presencia-de-marite-badui-molero-brindo-una-serie-de-anuncios\/","title":{"rendered":"CON LA PRESENCIA DE MARIT\u00c9 BADUI, MOLERO BRIND\u00d3 UNA SERIE DE ANUNCIOS"},"content":{"rendered":"<h4>La Subsecretaria de Infraestructura comprometi\u00f3 los fondos para el primer pabell\u00f3n psiqui\u00e1trico del nosocomio local.<\/h4>\n<p>En la jornada de este jueves, <span style=\"color: #003366;\"><strong>Marit\u00e9 Badui<\/strong><\/span> lleg\u00f3 a General Alvear y junto al <span style=\"color: #003366;\"><strong>Sr. Intendente Alejandro Molero<\/strong><\/span> inauguraron la tercera etapa de la <strong>Guardia del Hospital Enfermeros Argentinos<\/strong>.<em><strong> \u00abSe trata de una etapa que comprend\u00eda la parte de yesos, consultorios y otras dependencias que complementan la obra inaugurada hace algunos meses\u00bb<\/strong><\/em>, expres\u00f3 Molero en los micr\u00f3fonos de <span style=\"color: #800080;\"><strong>FM VI\u00d1AS<\/strong><\/span>.<\/p>\n<p>En ese contexto, el Jefe Comunal se\u00f1al\u00f3 que la Subsecretaria <em><strong>\u00abcomprometi\u00f3 los fondos y ya est\u00e1 el proyecto ejecutivo para el llamado a licitaci\u00f3n para construir, por primera vez en la historia, un pabell\u00f3n psiqui\u00e1trico en el nosocomio local\u00bb.<\/strong> <\/em>Con este proyecto, el Hospital de General Alvear cubrir\u00e1 una enorme necesidad de la com\u00fan alvearense.<\/p>\n<p>Por otro lado, Molero destac\u00f3 el recorrido de funcionarios provinciales, se\u00f1alando la presencia del Consejero por la Zona Sur de Vialidad, Leonardo Vi\u00f1olo.<em><strong> \u00abHoy garantizamos la pavimentaci\u00f3n de la calle Centenario, en el trayecto comprendido entre Alvear Oeste y la Ruta 143, y la pavimentaci\u00f3n completa de la Calle 16\u00bb<\/strong><\/em>, indic\u00f3.<\/p>\n<p>Adem\u00e1s, Badui tambi\u00e9n <strong>garantiz\u00f3 los fondos para la ejecuci\u00f3n de la segunda etapa<\/strong> del campus universitario de UGACOOP.<em><strong> \u00abTendremos unos de los campus universitarios m\u00e1s lindos de Mendoza, lo que nos obliga a seguir ampliando la oferta educativa en el departamento y cerrar convenios con otras universidades del pa\u00eds\u00bb<\/strong><\/em>, manifest\u00f3 finalmente el Sr. Intendente.<\/p>\n","protected":false},"excerpt":{"rendered":"<p>La Subsecretaria de Infraestructura comprometi\u00f3 los fondos para el primer pabell\u00f3n psiqui\u00e1trico del nosocomio local. En la jornada de este jueves, &#8230;<\/p>\n","protected":false},"author":7,"featured_media":139975,"comment_status":"open","ping_status":"open","sticky":false,"template":"","format":"standard","meta":{"footnotes":""},"categories":[5,10],"tags":[],"class_list":["post-139974","post","type-post","status-publish","format-standard","has-post-thumbnail","hentry","category-actualidad","category-destacadas"],"_links":{"self":[{"href":"https:\/\/vinasfm.com\/noticias\/wp-json\/wp\/v2\/posts\/139974","targetHints":{"allow":["GET"]}}],"collection":[{"href":"https:\/\/vinasfm.com\/noticias\/wp-json\/wp\/v2\/posts"}],"about":[{"href":"https:\/\/vinasfm.com\/noticias\/wp-json\/wp\/v2\/types\/post"}],"author":[{"embeddable":true,"href":"https:\/\/vinasfm.com\/noticias\/wp-json\/wp\/v2\/users\/7"}],"replies":[{"embeddable":true,"href":"https:\/\/vinasfm.com\/noticias\/wp-json\/wp\/v2\/comments?post=139974"}],"version-history":[{"count":2,"href":"https:\/\/vinasfm.com\/noticias\/wp-json\/wp\/v2\/posts\/139974\/revisions"}],"predecessor-version":[{"id":139978,"href":"https:\/\/vinasfm.com\/noticias\/wp-json\/wp\/v2\/posts\/139974\/revisions\/139978"}],"wp:featuredmedia":[{"embeddable":true,"href":"https:\/\/vinasfm.com\/noticias\/wp-json\/wp\/v2\/media\/139975"}],"wp:attachment":[{"href":"https:\/\/vinasfm.com\/noticias\/wp-json\/wp\/v2\/media?parent=139974"}],"wp:term":[{"taxonomy":"category","embeddable":true,"href":"https:\/\/vinasfm.com\/noticias\/wp-json\/wp\/v2\/categories?post=139974"},{"taxonomy":"post_tag","embeddable":true,"href":"https:\/\/vinasfm.com\/noticias\/wp-json\/wp\/v2\/tags?post=139974"}],"curies":[{"name":"wp","href":"https:\/\/api.w.org\/{rel}","templated":true}]}}