{"id":139922,"date":"2024-09-26T09:09:32","date_gmt":"2024-09-26T12:09:32","guid":{"rendered":"https:\/\/vinasfm.com\/noticias\/?p=139922"},"modified":"2024-09-27T08:37:07","modified_gmt":"2024-09-27T11:37:07","slug":"139922-2","status":"publish","type":"post","link":"https:\/\/vinasfm.com\/noticias\/139922-2\/","title":{"rendered":"EL MUNICIPIO EJECUTA TAREAS DE REMODELACI\u00d3N EN LA PLAZA DEL BARRIO EL NEVADO"},"content":{"rendered":"<h4><span style=\"color: #000000;\">Se trata de un esfuerzo que busca mejorar la calidad de vida de los vecinos y fomentar un ambiente m\u00e1s saludable y agradable para la comunidad.<\/span><\/h4>\n<p><span style=\"color: #000000;\">Desde la <em>Secretar\u00eda de Obras y Servicios P\u00fablico<\/em>s se est\u00e1 llevando a cabo un plan de recuperaci\u00f3n de plazas con el objetivo de revitalizar los espacios verdes en el casco urbano y, en un futuro cercano, en los distritos. <span style=\"color: #003366;\"><strong>Emiliano Babero<\/strong><\/span>, quien est\u00e1 al frente de la Secretar\u00eda, manifest\u00f3 que <em><strong>\u201ceste trabajo ha puesto en movimiento a las dos direcciones con un intenso plan de mantenimiento de plazas y espacios verdes\u201d.<\/strong><\/em><\/span><\/p>\n<p><span style=\"color: #000000;\">Hasta el momento se ha trabajado en 8 plazas del casco urbano y la intenci\u00f3n es continuar con los mismos trabajos en los distritos. Presente en el la plaza del barrio El Nevado, <em>el director de Obras P\u00fablicas y Privadas<\/em>, <span style=\"color: #003366;\"><strong>\u00c1ngel Mart\u00ednez<\/strong><\/span>, explic\u00f3 que <em><strong>\u201clos trabajos incluyeron la creaci\u00f3n de veredines y rampas de acceso, colocaci\u00f3n de \u00a0bancos y la instalaciones de luminaria LED\u201d.<\/strong><\/em> \u00a0As\u00ed mismo, destac\u00f3 la colaboraci\u00f3n de los vecinos y comunidades barriales que han permitido agilizar las tareas.<\/span><\/p>\n<p><img loading=\"lazy\" decoding=\"async\" class=\"\" src=\"https:\/\/scontent.fmdz4-1.fna.fbcdn.net\/v\/t39.30808-6\/461340051_18318132016082085_7568480401872106004_n.jpg?_nc_cat=105&amp;ccb=1-7&amp;_nc_sid=127cfc&amp;_nc_ohc=ZOajVA0cTicQ7kNvgFykkqe&amp;_nc_ht=scontent.fmdz4-1.fna&amp;_nc_gid=Ao619-fxuCAYnLGKbS_U-sN&amp;oh=00_AYATMG-yXNQMfsYb0tp8XXOTXF0Ec0NR4_OKmm5Z5EvwsQ&amp;oe=66FB3CD1\" alt=\"Puede ser una imagen de 2 personas, scooter, patineta y calle\" width=\"429\" height=\"242\" \/> <img loading=\"lazy\" decoding=\"async\" class=\"\" src=\"https:\/\/scontent.fmdz5-1.fna.fbcdn.net\/v\/t39.30808-6\/461294587_18318132013082085_8495388126491073611_n.jpg?_nc_cat=111&amp;ccb=1-7&amp;_nc_sid=127cfc&amp;_nc_ohc=T2zI5eoTtcQQ7kNvgEGjA1E&amp;_nc_ht=scontent.fmdz5-1.fna&amp;oh=00_AYDFtXJdy4_RTITaw2z2oBrnSn8UemVXDragVfUCuuBiCA&amp;oe=66FB2E7C\" alt=\"Puede ser una imagen de c\u00e9sped\" width=\"429\" height=\"241\" \/><\/p>\n<p><span style=\"color: #000000;\">Por su parte, el <em>director de Servicios P\u00fablicos y Medio Ambiente<\/em>, <span style=\"color: #003366;\"><strong>Mauricio Mart\u00ednez<\/strong><\/span>, manifest\u00f3 que \u201c<em><strong>el desaf\u00edo de la Secretar\u00eda es comenzar a levantar los espacios verdes del departamento, con un enorme compromiso con los vecinos\u201d.<\/strong><\/em><\/span><\/p>\n","protected":false},"excerpt":{"rendered":"<p>Se trata de un esfuerzo que busca mejorar la calidad de vida de los vecinos y fomentar un ambiente m\u00e1s saludable &#8230;<\/p>\n","protected":false},"author":7,"featured_media":139923,"comment_status":"open","ping_status":"open","sticky":false,"template":"","format":"standard","meta":{"footnotes":""},"categories":[5,29],"tags":[],"class_list":["post-139922","post","type-post","status-publish","format-standard","has-post-thumbnail","hentry","category-actualidad","category-obras-y-servicios"],"_links":{"self":[{"href":"https:\/\/vinasfm.com\/noticias\/wp-json\/wp\/v2\/posts\/139922","targetHints":{"allow":["GET"]}}],"collection":[{"href":"https:\/\/vinasfm.com\/noticias\/wp-json\/wp\/v2\/posts"}],"about":[{"href":"https:\/\/vinasfm.com\/noticias\/wp-json\/wp\/v2\/types\/post"}],"author":[{"embeddable":true,"href":"https:\/\/vinasfm.com\/noticias\/wp-json\/wp\/v2\/users\/7"}],"replies":[{"embeddable":true,"href":"https:\/\/vinasfm.com\/noticias\/wp-json\/wp\/v2\/comments?post=139922"}],"version-history":[{"count":3,"href":"https:\/\/vinasfm.com\/noticias\/wp-json\/wp\/v2\/posts\/139922\/revisions"}],"predecessor-version":[{"id":139985,"href":"https:\/\/vinasfm.com\/noticias\/wp-json\/wp\/v2\/posts\/139922\/revisions\/139985"}],"wp:featuredmedia":[{"embeddable":true,"href":"https:\/\/vinasfm.com\/noticias\/wp-json\/wp\/v2\/media\/139923"}],"wp:attachment":[{"href":"https:\/\/vinasfm.com\/noticias\/wp-json\/wp\/v2\/media?parent=139922"}],"wp:term":[{"taxonomy":"category","embeddable":true,"href":"https:\/\/vinasfm.com\/noticias\/wp-json\/wp\/v2\/categories?post=139922"},{"taxonomy":"post_tag","embeddable":true,"href":"https:\/\/vinasfm.com\/noticias\/wp-json\/wp\/v2\/tags?post=139922"}],"curies":[{"name":"wp","href":"https:\/\/api.w.org\/{rel}","templated":true}]}}