{"id":139919,"date":"2024-09-26T08:40:18","date_gmt":"2024-09-26T11:40:18","guid":{"rendered":"https:\/\/vinasfm.com\/noticias\/?p=139919"},"modified":"2024-09-27T08:37:29","modified_gmt":"2024-09-27T11:37:29","slug":"rus-mendoza-se-pone-a-la-vanguardia-en-evidencia-de-informacion-para-el-sistema-de-seguridad","status":"publish","type":"post","link":"https:\/\/vinasfm.com\/noticias\/rus-mendoza-se-pone-a-la-vanguardia-en-evidencia-de-informacion-para-el-sistema-de-seguridad\/","title":{"rendered":"RUS: \u201cMENDOZA SE PONE A LA VANGUARDIA EN EVIDENCIA DE INFORMACI\u00d3N PARA EL SISTEMA DE SEGURIDAD\u201d"},"content":{"rendered":"<h4><span style=\"color: #000000;\">As\u00ed lo asegur\u00f3 la ministra de Seguridad y Justicia tras presentar el Sistema Integral de Antecedentes y anunciar el lanzamiento del Laboratorio Forense Digital, enfocados en mejorar la inteligencia criminal y la eficiencia en la lucha contra el delito.<\/span><\/h4>\n<p><span style=\"color: #000000;\">La <em>ministra de Seguridad y Justicia<\/em>, <span style=\"color: #003366;\"><strong>Mercedes Rus<\/strong><\/span>, anunci\u00f3 la reestructuraci\u00f3n de la <strong>Divisi\u00f3n Laboratorio Forense Digital dentro del Departamento de Asuntos Cibern\u00e9ticos<\/strong> (DAC) de la <em>Direcci\u00f3n General de Investigaciones<\/em>. Junto con esta incorporaci\u00f3n, tambi\u00e9n se present\u00f3 el <em>Sistema Integral de Antecedentes<\/em> (SIA), una plataforma que centraliza informaci\u00f3n clave para las investigaciones judiciales y policiales.<\/span><\/p>\n<p><span style=\"color: #000000;\">Estuvo acompa\u00f1ada por el <em>director general de Polic\u00edas<\/em>, <span style=\"color: #003366;\"><strong>Marcelo Calipo<\/strong><\/span>; el <em>director general de Investigaciones<\/em>, <span style=\"color: #003366;\"><strong>Jos\u00e9 Vega<\/strong><\/span>, y el<em> subsecretario de Tecnolog\u00eda Aplicada a la Seguridad<\/em>, <span style=\"color: #003366;\"><strong>Leandro Biskupovich<\/strong><\/span>; la <em>directora del Laboratorio Forense Digital<\/em>,\u00a0<\/span><strong style=\"color: #003366;\">D\u00e9bora Gatic<\/strong><span style=\"color: #000000;\"><span style=\"color: #003366;\"><strong>a<\/strong><\/span>, y el <em>jefe del DAC<\/em>, <span style=\"color: #003366;\"><strong>Jes\u00fas Cepeda.<\/strong><\/span><\/span><\/p>\n<p><span style=\"color: #000000;\">Sobre el SIA, Rus detall\u00f3 que se trata de una plataforma que permite acceder de manera centralizada a los antecedentes judiciales, policiales y penitenciarios de las personas. <strong><em>\u201cEl sistema recopila informaci\u00f3n sobre causas judiciales, ingresos y egresos del sistema penitenciario, aprehensiones policiales, inhabilitaciones viales y licencias de conducir, generando documentos certificados que pueden ser presentados directamente ante la justicia\u201d<\/em><\/strong>, agreg\u00f3.<\/span><\/p>\n<p><span style=\"color: #000000;\">La ministra asegur\u00f3 que <em><strong>\u201cno hay seguridad sin un sistema de justicia adecuado\u201d<\/strong><\/em> y enfatiz\u00f3 la importancia de contar con informaci\u00f3n valiosa para realizar mejor inteligencia en la prevenci\u00f3n del delito. En tanto, Biskupovich resalt\u00f3 que <em><strong>\u201ctodas las fuentes de datos que integra este sistema son fuentes aut\u00e9nticas, tanto del Ministerio de Seguridad y Justicia, del Ministerio P\u00fablico Fiscal como tambi\u00e9n de la Penitenciar\u00eda. Estamos trabajando con la Justicia Contravencional. El sistema integra bases de datos que son propias de cada una de las organizaciones\u201d.<\/strong><\/em><\/span><\/p>\n<p><span style=\"color: #000000;\">La ministra mencion\u00f3 que el SIA es un sistema trazable y seguro, que se nutre de bases oficiales y cuenta con certificaciones espec\u00edficas. <em><strong>\u201cEsto asegura que quienes deben tomar decisiones judiciales tengan acceso a informaci\u00f3n m\u00e1s completa y precisa, lo que es crucial para garantizar la seguridad en Mendoza\u201d<\/strong><\/em>, explic\u00f3.<\/span><\/p>\n<p><span style=\"color: #000000;\"><strong><em>\u201cLo importante aqu\u00ed es que no almacenamos informaci\u00f3n de otros organismos, sino que la integramos en un sistema que consume en tiempo real distintas bases de datos\u201d<\/em><\/strong>, a\u00f1adi\u00f3 Biskupovich. Adem\u00e1s, explic\u00f3 que <strong><em>\u201cse ha tramitado un certificado especial para que, en caso de que la Justicia requiera un documento con toda la informaci\u00f3n de un perfil, este documento est\u00e9 firmado digitalmente. Esto le dar\u00e1 autenticidad, integridad y, por supuesto, la garant\u00eda de que el documento no podr\u00e1 ser alterado despu\u00e9s de esa firma\u201d.<\/em><\/strong><\/span><\/p>\n<p><span style=\"color: #000000;\">Antes de la implementaci\u00f3n del SIA, los antecedentes eran gestionados de manera anal\u00f3gica, lo que dificultaba su acceso y sistematizaci\u00f3n. Ahora, el nuevo sistema incluye no solo antecedentes judiciales, sino tambi\u00e9n antecedentes policiales y datos sobre inhabilitaciones viales, lo que permite un enfoque m\u00e1s integral. La informaci\u00f3n penitenciaria tambi\u00e9n se incorpora, siendo esencial para la seguridad y la prevenci\u00f3n del delito.<\/span><\/p>\n<p><span style=\"color: #000000;\">En cuanto al Laboratorio Forense Digital, Mercedes Rus destac\u00f3 que <em><strong>\u201ctiene como objetivo mejorar la eficiencia en la investigaci\u00f3n de estos delitos, contribuyendo al sistema de seguridad y al mensaje de no impunidad en Mendoza\u201d.<\/strong> <\/em>La ministra subray\u00f3 la necesidad de garantizar condiciones de integralidad y seguridad en la cadena de custodia de la evidencia, lo que facilitar\u00e1 el avance de las investigaciones y asegurar\u00e1 que los delincuentes enfrenten un proceso adecuado.<\/span><\/p>\n<p><img decoding=\"async\" src=\"https:\/\/www.mendoza.gov.ar\/wp-content\/uploads\/sites\/5\/2024\/09\/IMG_4036-700x467.jpg\" \/><\/p>\n<p><span style=\"color: #000000;\">En el marco de esta presentaci\u00f3n, Rus tambi\u00e9n record\u00f3 la reciente aprobaci\u00f3n de la ley de agente encubierto digital, que regula no solo esta figura, sino tambi\u00e9n el allanamiento digital y el secuestro de dispositivos tecnol\u00f3gicos. En ese sentido, hizo hincapi\u00e9 <strong>en la importancia de trabajar este nuevo marco normativo con responsabilidad, destacando que se est\u00e1n capacitando a los profesionales y al personal policial, dot\u00e1ndolos de los recursos materiales necesarios para las investigaciones.<\/strong><\/span><\/p>\n<p><span style=\"color: #000000;\">Adem\u00e1s, Rus anunci\u00f3 que en el presupuesto del pr\u00f3ximo a\u00f1o se prev\u00e9 la adquisici\u00f3n de material esencial, alineado con est\u00e1ndares internacionales,<em><strong> \u201csituando a Mendoza a la vanguardia en la investigaci\u00f3n de delitos digitales\u201d.<\/strong> <\/em>Tambi\u00e9n subray\u00f3 la relevancia de la pr\u00f3xima incorporaci\u00f3n de personal con conocimientos en inform\u00e1tica al ministerio, en colaboraci\u00f3n con la Direcci\u00f3n de Investigaciones y la Subsecretar\u00eda de Tecnolog\u00eda Aplicada a la Seguridad, para enfrentar los nuevos desaf\u00edos en la persecuci\u00f3n y prevenci\u00f3n del delito de manera\u00a0m\u00e1s\u00a0eficiente.<\/span><\/p>\n","protected":false},"excerpt":{"rendered":"<p>As\u00ed lo asegur\u00f3 la ministra de Seguridad y Justicia tras presentar el Sistema Integral de Antecedentes y anunciar el lanzamiento del &#8230;<\/p>\n","protected":false},"author":7,"featured_media":139920,"comment_status":"open","ping_status":"open","sticky":false,"template":"","format":"standard","meta":{"footnotes":""},"categories":[22,33],"tags":[],"class_list":["post-139919","post","type-post","status-publish","format-standard","has-post-thumbnail","hentry","category-justicia","category-seguridad"],"_links":{"self":[{"href":"https:\/\/vinasfm.com\/noticias\/wp-json\/wp\/v2\/posts\/139919","targetHints":{"allow":["GET"]}}],"collection":[{"href":"https:\/\/vinasfm.com\/noticias\/wp-json\/wp\/v2\/posts"}],"about":[{"href":"https:\/\/vinasfm.com\/noticias\/wp-json\/wp\/v2\/types\/post"}],"author":[{"embeddable":true,"href":"https:\/\/vinasfm.com\/noticias\/wp-json\/wp\/v2\/users\/7"}],"replies":[{"embeddable":true,"href":"https:\/\/vinasfm.com\/noticias\/wp-json\/wp\/v2\/comments?post=139919"}],"version-history":[{"count":1,"href":"https:\/\/vinasfm.com\/noticias\/wp-json\/wp\/v2\/posts\/139919\/revisions"}],"predecessor-version":[{"id":139921,"href":"https:\/\/vinasfm.com\/noticias\/wp-json\/wp\/v2\/posts\/139919\/revisions\/139921"}],"wp:featuredmedia":[{"embeddable":true,"href":"https:\/\/vinasfm.com\/noticias\/wp-json\/wp\/v2\/media\/139920"}],"wp:attachment":[{"href":"https:\/\/vinasfm.com\/noticias\/wp-json\/wp\/v2\/media?parent=139919"}],"wp:term":[{"taxonomy":"category","embeddable":true,"href":"https:\/\/vinasfm.com\/noticias\/wp-json\/wp\/v2\/categories?post=139919"},{"taxonomy":"post_tag","embeddable":true,"href":"https:\/\/vinasfm.com\/noticias\/wp-json\/wp\/v2\/tags?post=139919"}],"curies":[{"name":"wp","href":"https:\/\/api.w.org\/{rel}","templated":true}]}}