{"id":139912,"date":"2024-09-26T08:28:02","date_gmt":"2024-09-26T11:28:02","guid":{"rendered":"https:\/\/vinasfm.com\/noticias\/?p=139912"},"modified":"2024-09-27T08:37:47","modified_gmt":"2024-09-27T11:37:47","slug":"se-presentaron-dos-ofertas-para-el-puente-del-desvio-de-carga-pesada-de-general-alvear","status":"publish","type":"post","link":"https:\/\/vinasfm.com\/noticias\/se-presentaron-dos-ofertas-para-el-puente-del-desvio-de-carga-pesada-de-general-alvear\/","title":{"rendered":"SE PRESENTARON DOS OFERTAS PARA EL PUENTE DEL DESV\u00cdO DE CARGA PESADA DE GENERAL ALVEAR"},"content":{"rendered":"<h4><span style=\"color: #000000;\"><strong>Vialidad Mendoza realiz\u00f3 la apertura de sobres tras haber llamado a licitaci\u00f3n.<\/strong><\/span><\/h4>\n<p><span style=\"color: #000000;\">El puente alcantarilla del desv\u00edo de carga pesada de General Alvear, <em>que corre sobre calle La Marzolina (Calle 7), entre la Ruta Nacional 188 y la calle G<\/em>, ya tiene dos interesados para intervenir en su reconstrucci\u00f3n, <strong>luego de que Vialidad Mendoza realizara la apertura de sobres el pasado martes, tras llamar a licitaci\u00f3n.\u00a0<\/strong><\/span><\/p>\n<p><span style=\"color: #000000;\">Las dos empresas que presentaron ofertas para reparar la estructura fueron las firmas Camiletti SA y Constructora Horizonte SA. <strong>Camiletti SA ofreci\u00f3 ejecutar la obra en seis meses por un monto total de $173.978.999,52. Constructora Horizonte SA present\u00f3 una oferta de 6 meses de ejecuci\u00f3n por 231.594.425,90.\u00a0<\/strong><\/span><\/p>\n<p><span style=\"color: #000000;\">El <em>titular de Vialidad Mendoza<\/em>,<span style=\"color: #003366;\"><strong> Osvaldo Romagnoli<\/strong><\/span>, se\u00f1al\u00f3: <strong><em>\u201cLuego de detectar que el puente alcantarilla hab\u00eda sufrido una aver\u00eda, hicimos el llamado urgente a licitaci\u00f3n para su reconstrucci\u00f3n, ya que es una v\u00eda log\u00edstica muy importante que evita que el transporte de cargas ingrese a la ciudad de General Alvear y tenga un circuito por el cual circular sin interrupciones\u201d.<\/em><\/strong><\/span><\/p>\n<p><span style=\"color: #000000;\">Abiertas las dos ofertas presentadas, la Direcci\u00f3n Provincial de Vialidad <strong>deber\u00e1 evaluar la adjudicaci\u00f3n de la obra, y en caso de ser adjudicada,se comenzar\u00e1 con la reconstrucci\u00f3n.\u00a0<\/strong><\/span><\/p>\n<p><a href=\"https:\/\/vinasfm.com\/noticias\/wp-content\/uploads\/2024\/09\/WhatsApp-Image-2024-07-09-at-13.04.28-700x1556-1.jpeg\"><img loading=\"lazy\" decoding=\"async\" class=\"alignnone wp-image-139914\" src=\"https:\/\/vinasfm.com\/noticias\/wp-content\/uploads\/2024\/09\/WhatsApp-Image-2024-07-09-at-13.04.28-700x1556-1-1024x461.jpeg\" alt=\"\" width=\"600\" height=\"270\" srcset=\"https:\/\/vinasfm.com\/noticias\/wp-content\/uploads\/2024\/09\/WhatsApp-Image-2024-07-09-at-13.04.28-700x1556-1-1024x461.jpeg 1024w, https:\/\/vinasfm.com\/noticias\/wp-content\/uploads\/2024\/09\/WhatsApp-Image-2024-07-09-at-13.04.28-700x1556-1-300x135.jpeg 300w, https:\/\/vinasfm.com\/noticias\/wp-content\/uploads\/2024\/09\/WhatsApp-Image-2024-07-09-at-13.04.28-700x1556-1-768x346.jpeg 768w, https:\/\/vinasfm.com\/noticias\/wp-content\/uploads\/2024\/09\/WhatsApp-Image-2024-07-09-at-13.04.28-700x1556-1-1536x691.jpeg 1536w, https:\/\/vinasfm.com\/noticias\/wp-content\/uploads\/2024\/09\/WhatsApp-Image-2024-07-09-at-13.04.28-700x1556-1.jpeg 1556w\" sizes=\"auto, (max-width: 600px) 100vw, 600px\" \/><\/a><\/p>\n<p><span style=\"color: #000000;\">La estructura sufri\u00f3 una aver\u00eda en los primeros d\u00edas de julio producto de su uso cotidiano, lo que oblig\u00f3 a la Direcci\u00f3n Provincial de Vialidad a interrumpir el tr\u00e1nsito de carga pesada, ante el riesgo de un da\u00f1o mayor.\u00a0<\/span><\/p>\n<p><span style=\"color: #000000;\"><strong>El puente tiene 9,4 metros de ancho por 8 metros de largo, a lo que hay que sumar las losas de aproximaci\u00f3n, que totalizan 10 metros m\u00e1s y que ser\u00e1 toda el \u00e1rea a intervenir en la reconstrucci\u00f3n.<\/strong> El puente est\u00e1 ubicado sobre un cauce seco que funciona como receptor de aguas de riego.<\/span><\/p>\n<p><span style=\"color: #000000;\">El desv\u00edo de carga pesada de General Alvear <strong>tiene dos kil\u00f3metros y permite que los camiones que van por la Ruta Nacional 188 hacia la Ruta Nacional 143 o viceversa no ingresen al microcentro de la ciudad cabecera<\/strong>, sino que la eviten haciendo el recorrido por La Marzolina y por la Calle G.\u00a0<\/span><\/p>\n<figure class=\"wp-block-gallery columns-3\">&nbsp;<\/p>\n<figure><\/figure>\n<\/figure>\n","protected":false},"excerpt":{"rendered":"<p>Vialidad Mendoza realiz\u00f3 la apertura de sobres tras haber llamado a licitaci\u00f3n. El puente alcantarilla del desv\u00edo de carga pesada de &#8230;<\/p>\n","protected":false},"author":7,"featured_media":139913,"comment_status":"open","ping_status":"open","sticky":false,"template":"","format":"standard","meta":{"footnotes":""},"categories":[5,10],"tags":[],"class_list":["post-139912","post","type-post","status-publish","format-standard","has-post-thumbnail","hentry","category-actualidad","category-destacadas"],"_links":{"self":[{"href":"https:\/\/vinasfm.com\/noticias\/wp-json\/wp\/v2\/posts\/139912","targetHints":{"allow":["GET"]}}],"collection":[{"href":"https:\/\/vinasfm.com\/noticias\/wp-json\/wp\/v2\/posts"}],"about":[{"href":"https:\/\/vinasfm.com\/noticias\/wp-json\/wp\/v2\/types\/post"}],"author":[{"embeddable":true,"href":"https:\/\/vinasfm.com\/noticias\/wp-json\/wp\/v2\/users\/7"}],"replies":[{"embeddable":true,"href":"https:\/\/vinasfm.com\/noticias\/wp-json\/wp\/v2\/comments?post=139912"}],"version-history":[{"count":2,"href":"https:\/\/vinasfm.com\/noticias\/wp-json\/wp\/v2\/posts\/139912\/revisions"}],"predecessor-version":[{"id":142434,"href":"https:\/\/vinasfm.com\/noticias\/wp-json\/wp\/v2\/posts\/139912\/revisions\/142434"}],"wp:featuredmedia":[{"embeddable":true,"href":"https:\/\/vinasfm.com\/noticias\/wp-json\/wp\/v2\/media\/139913"}],"wp:attachment":[{"href":"https:\/\/vinasfm.com\/noticias\/wp-json\/wp\/v2\/media?parent=139912"}],"wp:term":[{"taxonomy":"category","embeddable":true,"href":"https:\/\/vinasfm.com\/noticias\/wp-json\/wp\/v2\/categories?post=139912"},{"taxonomy":"post_tag","embeddable":true,"href":"https:\/\/vinasfm.com\/noticias\/wp-json\/wp\/v2\/tags?post=139912"}],"curies":[{"name":"wp","href":"https:\/\/api.w.org\/{rel}","templated":true}]}}