{"id":139909,"date":"2024-09-26T08:21:19","date_gmt":"2024-09-26T11:21:19","guid":{"rendered":"https:\/\/vinasfm.com\/noticias\/?p=139909"},"modified":"2024-09-26T11:04:56","modified_gmt":"2024-09-26T14:04:56","slug":"mas-de-1-400-escuelas-recibieron-modulos-con-alimentos-para-los-estudiantes","status":"publish","type":"post","link":"https:\/\/vinasfm.com\/noticias\/mas-de-1-400-escuelas-recibieron-modulos-con-alimentos-para-los-estudiantes\/","title":{"rendered":"M\u00c1S DE 1.400 ESCUELAS RECIBIERON M\u00d3DULOS CON ALIMENTOS PARA LOS ESTUDIANTES"},"content":{"rendered":"<h4><span style=\"color: #000000;\">Basado en la actual cobertura que realiza el programa provincial de alimentaci\u00f3n escolar, se refuerza esta acci\u00f3n con alimentos recibidos desde el Gobierno nacional.<\/span><\/h4>\n<p><span style=\"color: #000000;\">El <em>Ministerio de Educaci\u00f3n, Cultura, Infancias y DGE<\/em> distribuy\u00f3 alimentos en escuelas, en el marco de un convenio firmado con la <em>Secretar\u00eda de Ni\u00f1ez, Adolescencia y Familia<\/em>, dependiente del <em>Ministerio de Capital Humano de la Naci\u00f3n.<\/em> La acci\u00f3n tiene el fin de atender emergencias y garantizar a los estudiantes el acceso a la alimentaci\u00f3n adecuada, sobre todo en aquellos que presentan alg\u00fan grado de vulnerabilidad social.<\/span><\/p>\n<p><span style=\"color: #000000;\">La propuesta implementada por el gobierno escolar consisti\u00f3 <strong>en una \u00fanica entrega de 27.110 m\u00f3dulos alimentarios que fueron distribuidos en los 1.426 establecimientos escolares que actualmente cuentan con la cobertura del programa provincial de alimentaci\u00f3n escolar.<\/strong> Tambi\u00e9n recibieron estos m\u00f3dulos alimentarios las escuelas albergues de la provincia.<\/span><\/p>\n<p><span style=\"color: #000000;\">Para este fin, la Provincia llev\u00f3 adelante un operativo de log\u00edstica y distribuci\u00f3n, desde el retiro de la carga ubicada en los dep\u00f3sitos de Villa Martelli, Buenos Aires, mediante un servicio de transporte que la traslad\u00f3 a a distintos dep\u00f3sitos ubicados en cuatro departamentos de Mendoza que la Direcci\u00f3n de Alimentaci\u00f3n Escolar utiliza para la distribuci\u00f3n de otros alimentos a los establecimientos educativos. A continuaci\u00f3n, <strong>la mercader\u00eda fue distribuida por los proveedores asignados a las escuelas y recibidos por los directivos de cada escuela que forma parte de este plan alimentario. Dentro de cada establecimiento escolar se armaron los m\u00f3dulos con alimentos para que lleguen a las familias dejando asentado en una planilla la efectiva entrega de los alimentos.<\/strong><\/span><\/p>\n<p><span style=\"color: #000000;\">Para la distribuci\u00f3n de los alimentos se dio prioridad a los establecimientos escolares a los que asisten estudiantes de zonas urbanomarginales o rurales, o donde se han detectado situaciones de vulnerabilidad socioecon\u00f3mica.<\/span><\/p>\n","protected":false},"excerpt":{"rendered":"<p>Basado en la actual cobertura que realiza el programa provincial de alimentaci\u00f3n escolar, se refuerza esta acci\u00f3n con alimentos recibidos desde &#8230;<\/p>\n","protected":false},"author":7,"featured_media":139910,"comment_status":"open","ping_status":"open","sticky":false,"template":"","format":"standard","meta":{"footnotes":""},"categories":[5,74],"tags":[],"class_list":["post-139909","post","type-post","status-publish","format-standard","has-post-thumbnail","hentry","category-actualidad","category-dge"],"_links":{"self":[{"href":"https:\/\/vinasfm.com\/noticias\/wp-json\/wp\/v2\/posts\/139909","targetHints":{"allow":["GET"]}}],"collection":[{"href":"https:\/\/vinasfm.com\/noticias\/wp-json\/wp\/v2\/posts"}],"about":[{"href":"https:\/\/vinasfm.com\/noticias\/wp-json\/wp\/v2\/types\/post"}],"author":[{"embeddable":true,"href":"https:\/\/vinasfm.com\/noticias\/wp-json\/wp\/v2\/users\/7"}],"replies":[{"embeddable":true,"href":"https:\/\/vinasfm.com\/noticias\/wp-json\/wp\/v2\/comments?post=139909"}],"version-history":[{"count":1,"href":"https:\/\/vinasfm.com\/noticias\/wp-json\/wp\/v2\/posts\/139909\/revisions"}],"predecessor-version":[{"id":139911,"href":"https:\/\/vinasfm.com\/noticias\/wp-json\/wp\/v2\/posts\/139909\/revisions\/139911"}],"wp:featuredmedia":[{"embeddable":true,"href":"https:\/\/vinasfm.com\/noticias\/wp-json\/wp\/v2\/media\/139910"}],"wp:attachment":[{"href":"https:\/\/vinasfm.com\/noticias\/wp-json\/wp\/v2\/media?parent=139909"}],"wp:term":[{"taxonomy":"category","embeddable":true,"href":"https:\/\/vinasfm.com\/noticias\/wp-json\/wp\/v2\/categories?post=139909"},{"taxonomy":"post_tag","embeddable":true,"href":"https:\/\/vinasfm.com\/noticias\/wp-json\/wp\/v2\/tags?post=139909"}],"curies":[{"name":"wp","href":"https:\/\/api.w.org\/{rel}","templated":true}]}}