{"id":139858,"date":"2024-09-24T20:04:23","date_gmt":"2024-09-24T23:04:23","guid":{"rendered":"https:\/\/vinasfm.com\/noticias\/?p=139858"},"modified":"2024-09-25T10:29:46","modified_gmt":"2024-09-25T13:29:46","slug":"jimena-latorre-en-amcham-energy-forum-2024-estamos-en-el-momento-y-circunstancias-propicias-para-la-inversion-en-mendoza","status":"publish","type":"post","link":"https:\/\/vinasfm.com\/noticias\/jimena-latorre-en-amcham-energy-forum-2024-estamos-en-el-momento-y-circunstancias-propicias-para-la-inversion-en-mendoza\/","title":{"rendered":"JIMENA LATORRE EN AMCHAM ENERGY FORUM 2024: \u201cESTAMOS EN EL MOMENTO Y CIRCUNSTANCIAS PROPICIAS PARA LA INVERSI\u00d3N EN MENDOZA\u201d"},"content":{"rendered":"<h4>La ministra de Energ\u00eda y Ambiente fue una de las oradoras del evento organizado por la C\u00e1mara de Comercio de los Estados Unidos, que reuni\u00f3 en Buenos Aires a autoridades de todo el pa\u00eds y expertos de m\u00e1s de 700 empresas. Destac\u00f3 la infraestructura y el modelo institucional de Mendoza para invertir, adem\u00e1s de las perspectivas de Vaca Muerta.<\/h4>\n<p>La <em>ministra de Energ\u00eda y Ambiente de Mendoza<\/em>, <span style=\"color: #003366;\"><strong>Jimena Latorre<\/strong><\/span>, fue una de las expositoras en el <strong>AmCham Energy Forum 2024<\/strong>, un encuentro que reuni\u00f3 a expertos en energ\u00eda de los sectores p\u00fablico y privado en Buenos Aires y que gir\u00f3 en torno a la tem\u00e1tica <em><strong>\u201cDesarrollo energ\u00e9tico argentino: construyendo un futuro exportador\u201d.<\/strong><\/em><\/p>\n<p>Latorre expuso en el panel <em><strong>\u201cVaca Muerta como factor clave para el desarrollo de una matriz energ\u00e9tica exportadora\u201d<\/strong><\/em>, junto a <span style=\"color: #003366;\"><strong>Fabricio Gulino<\/strong><\/span>, <em>subsecretario de Energ\u00eda Miner\u00eda e Hidrocarburos del Ministerio de Energ\u00eda de Neuqu\u00e9n<\/em>, y <span style=\"color: #003366;\"><strong>Maximiliano Hardie<\/strong><\/span>, <em>de Shell CAPSA.<\/em><\/p>\n<p>La ministra destac\u00f3 que Mendoza est\u00e1 en <strong><em>\u201cel momento y las circunstancias adecuadas\u201d<\/em> <\/strong>para las inversiones en materia hidrocarbur\u00edfera, tanto en pozos maduros en las cuencas Cuyana y Neuquina como en el lado mendocino del bloque Vaca Muerta.<\/p>\n<p><em><strong>\u201cEn Mendoza hay tres ejes clave: primero, el vinculado a Vaca Muerta, ya que los primeros resultados son buenos. Segundo, el modelo institucional y regulatorio de la provincia, que por supuesto atrae inversiones. Y tercero, su infraestructura\u201d<\/strong><\/em>, explic\u00f3 durante su ponencia.<\/p>\n<p><em><strong>\u201cSomos una provincia con tradici\u00f3n en hidrocarburos. Mendoza est\u00e1 atravesada por un oleoducto, que es el de Puesto Hern\u00e1ndez, que atrae tambi\u00e9n la producci\u00f3n de Vaca Muerta hacia la refiner\u00eda de YPF en Luj\u00e1n de Cuyo, con capacidad para producir 41 millones de barriles al a\u00f1o. Y tambi\u00e9n por un gasoducto que exporta gas a Chile\u201d<\/strong><\/em>, afirm\u00f3.<\/p>\n<p><em><strong>\u201cEstamos en el momento y las circunstancias apropiados para las inversiones en convencional y no convencional\u201d<\/strong><\/em>, destac\u00f3 la ministra, quien adem\u00e1s detall\u00f3 las pol\u00edticas que lleva adelante la Provincia para mantener y hacer crecer la producci\u00f3n.<\/p>\n<p><em><strong>\u201cEn materia de crudo convencional hemos implementado una pol\u00edtica de atomizaci\u00f3n, con jugadores m\u00e1s chicos y mayor dinamismo y eficiencia en nuestras cuencas, tanto Cuyana como Neuquina\u201d,<\/strong><\/em> cont\u00f3 la ministra ante los asistentes.<\/p>\n<p><em><strong>\u201cMendoza ofrece incentivos como rebajas de regal\u00edas sobre la producci\u00f3n incremental, con un modelo de licitaci\u00f3n continua, de modo que Mendoza constantemente tiene \u00e1reas en el mercado\u201d<\/strong><\/em>, explic\u00f3, y se\u00f1al\u00f3: <em><strong>\u201cActualmente tenemos adjudicados tres proyectos de explotaci\u00f3n y tres de exploraci\u00f3n con este modelo, con el que constantemente buscamos dinamizar y atomizar estos actores\u201d.<\/strong><\/em><\/p>\n<p>Sobre Vaca Muerta, la ministra asegur\u00f3 que las perspectivas son auspiciosas. <em><strong>\u201cTenemos un 30% del bloque, necesitamos exploraci\u00f3n y los primeros resultados son alentadores\u201d<\/strong><\/em>, afirm\u00f3 en referencia a los resultados positivos de los trabajos de YPF en Paso Bardas Norte y CN-VII y al compromiso de la empresa de seguir explorando m\u00e1s all\u00e1 del hubcore (n\u00facleo de la formaci\u00f3n), con estrategias de trabajo que implican m\u00e1s inversiones incluso para 2025.<\/p>\n<p><em><strong>\u201cEn el sector mendocino de Vaca Muerta hay incluso \u00e1reas libres que se pueden concesionar\u201d<\/strong><\/em>, inform\u00f3 Latorre. <em><strong>\u201cEl objetivo de Mendoza es sostener la producci\u00f3n actual mientras invertimos\u201d,<\/strong><\/em> finaliz\u00f3.<\/p>\n","protected":false},"excerpt":{"rendered":"<p>La ministra de Energ\u00eda y Ambiente fue una de las oradoras del evento organizado por la C\u00e1mara de Comercio de los &#8230;<\/p>\n","protected":false},"author":7,"featured_media":139859,"comment_status":"open","ping_status":"open","sticky":false,"template":"","format":"standard","meta":{"footnotes":""},"categories":[10,48],"tags":[],"class_list":["post-139858","post","type-post","status-publish","format-standard","has-post-thumbnail","hentry","category-destacadas","category-mineria"],"_links":{"self":[{"href":"https:\/\/vinasfm.com\/noticias\/wp-json\/wp\/v2\/posts\/139858","targetHints":{"allow":["GET"]}}],"collection":[{"href":"https:\/\/vinasfm.com\/noticias\/wp-json\/wp\/v2\/posts"}],"about":[{"href":"https:\/\/vinasfm.com\/noticias\/wp-json\/wp\/v2\/types\/post"}],"author":[{"embeddable":true,"href":"https:\/\/vinasfm.com\/noticias\/wp-json\/wp\/v2\/users\/7"}],"replies":[{"embeddable":true,"href":"https:\/\/vinasfm.com\/noticias\/wp-json\/wp\/v2\/comments?post=139858"}],"version-history":[{"count":1,"href":"https:\/\/vinasfm.com\/noticias\/wp-json\/wp\/v2\/posts\/139858\/revisions"}],"predecessor-version":[{"id":139860,"href":"https:\/\/vinasfm.com\/noticias\/wp-json\/wp\/v2\/posts\/139858\/revisions\/139860"}],"wp:featuredmedia":[{"embeddable":true,"href":"https:\/\/vinasfm.com\/noticias\/wp-json\/wp\/v2\/media\/139859"}],"wp:attachment":[{"href":"https:\/\/vinasfm.com\/noticias\/wp-json\/wp\/v2\/media?parent=139858"}],"wp:term":[{"taxonomy":"category","embeddable":true,"href":"https:\/\/vinasfm.com\/noticias\/wp-json\/wp\/v2\/categories?post=139858"},{"taxonomy":"post_tag","embeddable":true,"href":"https:\/\/vinasfm.com\/noticias\/wp-json\/wp\/v2\/tags?post=139858"}],"curies":[{"name":"wp","href":"https:\/\/api.w.org\/{rel}","templated":true}]}}