{"id":139851,"date":"2024-09-25T08:02:15","date_gmt":"2024-09-25T11:02:15","guid":{"rendered":"https:\/\/vinasfm.com\/noticias\/?p=139851"},"modified":"2024-09-26T09:12:49","modified_gmt":"2024-09-26T12:12:49","slug":"inauguraron-el-mural-florecer","status":"publish","type":"post","link":"https:\/\/vinasfm.com\/noticias\/inauguraron-el-mural-florecer\/","title":{"rendered":"INAUGURARON EL MURAL \u00abFLORECER\u00bb"},"content":{"rendered":"<h4><span style=\"color: #000000;\">En el marco del mes de la primavera y el d\u00eda del estudiante, el d\u00eda lunes, se llevo a cabo la inauguraci\u00f3n de un mural en la Plaza de la Mujer, ubicada en el Barrio SMATA de nuestra ciudad.<\/span><\/h4>\n<p><span style=\"color: #000000;\">En conjunto la Direcci\u00f3n de Familia, Direcci\u00f3n de Cultura y la Asesor\u00eda de Juventud, llevan a delante esta iniciativa, para embellecer las plazas de nuestro departamento.<\/span><\/p>\n<p><span style=\"color: #000000;\">El mural estuvo a cargo de la <em>muralista y artista pl\u00e1stica<\/em>, <strong>Paula Torlasco<\/strong> y lleva por nombre <strong>\u201cFlorecer\u201d<\/strong>, al respecto ella se expres\u00f3 muy contenta y emocionada;<em><strong> \u201cEstamos en la Plaza de la Mujer, este es un regalo que yo le hago a esta ciudad que me alberga, porque desde junio de este a\u00f1o, me vine a vivir con mi mam\u00e1, vamos a seguir embelleciendo la plaza la idea es esa\u201d<\/strong><\/em><\/span><\/p>\n<p><span style=\"color: #000000;\">Paula estuvo acompa\u00f1ada por la <strong>Escuela de Arte Isis, con los alumnos de Bellas Artes, interviniendo en los bancos de plaza y lograr as\u00ed un espacio mas embellecido en la plaza.<\/strong><\/span><\/p>\n<p><span style=\"color: #000000;\">Por su parte, <span style=\"color: #003366;\"><strong>Jimena Colombres<\/strong><\/span>, <em>Coordinadora de la Mujer y G\u00e9nero de la Direcci\u00f3n de Familia<\/em> dijo; <strong><em>\u201ccon los chicos de la escuela de arte la idea es que podamos, en el marco del d\u00eda de la primavera y del estudiante poder ir acondicionando los espacios para que los chicos puedan compartir y disfrutar en este septiembre\u201d.<\/em><\/strong><\/span><\/p>\n","protected":false},"excerpt":{"rendered":"<p>En el marco del mes de la primavera y el d\u00eda del estudiante, el d\u00eda lunes, se llevo a cabo la &#8230;<\/p>\n","protected":false},"author":7,"featured_media":139883,"comment_status":"open","ping_status":"open","sticky":false,"template":"","format":"standard","meta":{"footnotes":""},"categories":[19,11],"tags":[],"class_list":["post-139851","post","type-post","status-publish","format-standard","has-post-thumbnail","hentry","category-cultura","category-sociales"],"_links":{"self":[{"href":"https:\/\/vinasfm.com\/noticias\/wp-json\/wp\/v2\/posts\/139851","targetHints":{"allow":["GET"]}}],"collection":[{"href":"https:\/\/vinasfm.com\/noticias\/wp-json\/wp\/v2\/posts"}],"about":[{"href":"https:\/\/vinasfm.com\/noticias\/wp-json\/wp\/v2\/types\/post"}],"author":[{"embeddable":true,"href":"https:\/\/vinasfm.com\/noticias\/wp-json\/wp\/v2\/users\/7"}],"replies":[{"embeddable":true,"href":"https:\/\/vinasfm.com\/noticias\/wp-json\/wp\/v2\/comments?post=139851"}],"version-history":[{"count":1,"href":"https:\/\/vinasfm.com\/noticias\/wp-json\/wp\/v2\/posts\/139851\/revisions"}],"predecessor-version":[{"id":139852,"href":"https:\/\/vinasfm.com\/noticias\/wp-json\/wp\/v2\/posts\/139851\/revisions\/139852"}],"wp:featuredmedia":[{"embeddable":true,"href":"https:\/\/vinasfm.com\/noticias\/wp-json\/wp\/v2\/media\/139883"}],"wp:attachment":[{"href":"https:\/\/vinasfm.com\/noticias\/wp-json\/wp\/v2\/media?parent=139851"}],"wp:term":[{"taxonomy":"category","embeddable":true,"href":"https:\/\/vinasfm.com\/noticias\/wp-json\/wp\/v2\/categories?post=139851"},{"taxonomy":"post_tag","embeddable":true,"href":"https:\/\/vinasfm.com\/noticias\/wp-json\/wp\/v2\/tags?post=139851"}],"curies":[{"name":"wp","href":"https:\/\/api.w.org\/{rel}","templated":true}]}}