{"id":139806,"date":"2024-09-23T11:34:30","date_gmt":"2024-09-23T14:34:30","guid":{"rendered":"https:\/\/vinasfm.com\/noticias\/?p=139806"},"modified":"2024-09-25T09:01:36","modified_gmt":"2024-09-25T12:01:36","slug":"con-anuncios-molero-destaco-la-celebracion-de-la-primavera-con-la-presentacion-de-divididos","status":"publish","type":"post","link":"https:\/\/vinasfm.com\/noticias\/con-anuncios-molero-destaco-la-celebracion-de-la-primavera-con-la-presentacion-de-divididos\/","title":{"rendered":"CON ANUNCIOS, MOLERO DESTAC\u00d3 LA CELEBRACI\u00d3N DE LA PRIMAVERA CON LA PRESENTACI\u00d3N DE DIVIDIDOS"},"content":{"rendered":"<h4><span style=\"color: #000000;\">El pasado s\u00e1bado, el Estadio de Andes F.C. se vio colmado de fan\u00e1ticos del rock nacional que se reunieron para darle la bienvenida a la primavera.<\/span><\/h4>\n<p><span style=\"color: #000000;\">Durante el fin de semana, miles de vecinos llegaron a General Alvear colmando la plaza hotelera y generando un gran movimiento en el sector tur\u00edstico y gastron\u00f3mico del departamento. <em><strong>\u201cSin dudas el turismo de evento, tanto en el \u00e1mbito deportivo como el cultural, genera un importante derrame en la econom\u00eda\u201d<\/strong><\/em>, expres\u00f3 el <em>Sr. Intendente<\/em> <span style=\"color: #003366;\"><strong>Alejandro Molero<\/strong><\/span> en los micr\u00f3fonos de <span style=\"color: #800080;\"><strong>FM VI\u00d1AS.<\/strong><\/span><\/span><\/p>\n<p><span style=\"color: #000000;\">Destacando la presencia de la <em>\u201cAplanadora del Rock\u201d<\/em>, el Jefe Comunal adelant\u00f3 una seguidilla de eventos nacionales que utilizar\u00e1n a Alvear como escenario principal, posicionando a la Comuna como un\u00a0 gran atractivo, <em><strong>\u201ctenemos que destacar este rol que estamos ocupando. Ante la falta de atractivos naturales tenemos que generar agenda con eventos que permitan que los turistas se queden en Alvear y lo disfruten con todo lo que tenemos\u201d<\/strong><\/em>, manifest\u00f3.<\/span><\/p>\n<p><span style=\"color: #000000;\">En ese contexto, Molero anunci\u00f3 que <strong><em>\u201cse est\u00e1 planificando una Fiesta de la Cerveza en el Sur de Mendoza\u201d.<\/em><\/strong> El masterplan propone al Predio Ferial (Ruta 188 y Calle 7) como la sede, con un festival musical de diversos g\u00e9neros que se distribuir\u00e1n en tres escenarios, islas de cervezas artesanales e industriales y stands expositores de vinos de fabricaci\u00f3n local. <strong><em>\u201cEstamos proyectando cosas que atraigan a la gente y produzcan un enorme derrame econ\u00f3mico en el departamento\u201d<\/em><\/strong>, sostuvo.<\/span><\/p>\n<p><span style=\"color: #000000;\">Tras el \u00e9xito rotundo del evento con Divididos, la gesti\u00f3n municipal contin\u00faa enfocada en el crecimiento y desarrollo del departamento. Esta tarde, Molero,<em> junto al Ministro de la Producci\u00f3n<\/em>, <span style=\"color: #003366;\"><strong>Rodolfo Vargas Arizu<\/strong><\/span>,<strong> firmar\u00e1n el acta de cesi\u00f3n de los aviones destinados a la lucha y mitigaci\u00f3n contra el granizo.<\/strong> Se trata de un paso crucial para asegurar la protecci\u00f3n de la producci\u00f3n agr\u00edcola del oasis sur, fundamental para el futuro econ\u00f3mico de nuestra regi\u00f3n.<\/span><\/p>\n<p><span style=\"color: #000000;\">M\u00e1s tarde <strong>se realizar\u00e1 la inauguraci\u00f3n de las oficinias locales de Global Solution<\/strong>, en un acto encabezado por el Jefe Comunal y dem\u00e1s autoridades. Este evento contar\u00e1 con la participaci\u00f3n de los 52 nuevos empleados que se suman a esta firma, generando nuevas oportunidades laborales para nuestra comunidad.<\/span><\/p>\n<p><span style=\"color: #000000;\"><em><strong>\u00abEstamos haciendo de General Alvear una tierra de oportunidades, y estos importantes avances son una muestra m\u00e1s del compromiso de esta gesti\u00f3n con el crecimiento y bienestar de todos los alvearenses\u00bb<\/strong><\/em>, expresaba el Sr. Intendente Alejandro Molero.<\/span><\/p>\n","protected":false},"excerpt":{"rendered":"<p>El pasado s\u00e1bado, el Estadio de Andes F.C. se vio colmado de fan\u00e1ticos del rock nacional que se reunieron para darle &#8230;<\/p>\n","protected":false},"author":7,"featured_media":139809,"comment_status":"open","ping_status":"open","sticky":false,"template":"","format":"standard","meta":{"footnotes":""},"categories":[5,10],"tags":[],"class_list":["post-139806","post","type-post","status-publish","format-standard","has-post-thumbnail","hentry","category-actualidad","category-destacadas"],"_links":{"self":[{"href":"https:\/\/vinasfm.com\/noticias\/wp-json\/wp\/v2\/posts\/139806","targetHints":{"allow":["GET"]}}],"collection":[{"href":"https:\/\/vinasfm.com\/noticias\/wp-json\/wp\/v2\/posts"}],"about":[{"href":"https:\/\/vinasfm.com\/noticias\/wp-json\/wp\/v2\/types\/post"}],"author":[{"embeddable":true,"href":"https:\/\/vinasfm.com\/noticias\/wp-json\/wp\/v2\/users\/7"}],"replies":[{"embeddable":true,"href":"https:\/\/vinasfm.com\/noticias\/wp-json\/wp\/v2\/comments?post=139806"}],"version-history":[{"count":3,"href":"https:\/\/vinasfm.com\/noticias\/wp-json\/wp\/v2\/posts\/139806\/revisions"}],"predecessor-version":[{"id":139813,"href":"https:\/\/vinasfm.com\/noticias\/wp-json\/wp\/v2\/posts\/139806\/revisions\/139813"}],"wp:featuredmedia":[{"embeddable":true,"href":"https:\/\/vinasfm.com\/noticias\/wp-json\/wp\/v2\/media\/139809"}],"wp:attachment":[{"href":"https:\/\/vinasfm.com\/noticias\/wp-json\/wp\/v2\/media?parent=139806"}],"wp:term":[{"taxonomy":"category","embeddable":true,"href":"https:\/\/vinasfm.com\/noticias\/wp-json\/wp\/v2\/categories?post=139806"},{"taxonomy":"post_tag","embeddable":true,"href":"https:\/\/vinasfm.com\/noticias\/wp-json\/wp\/v2\/tags?post=139806"}],"curies":[{"name":"wp","href":"https:\/\/api.w.org\/{rel}","templated":true}]}}