{"id":139798,"date":"2024-09-22T09:52:57","date_gmt":"2024-09-22T12:52:57","guid":{"rendered":"https:\/\/vinasfm.com\/noticias\/?p=139798"},"modified":"2024-09-24T11:19:45","modified_gmt":"2024-09-24T14:19:45","slug":"paso-pehuenche-preocupan-la-demora-en-la-apertura-del-paso","status":"publish","type":"post","link":"https:\/\/vinasfm.com\/noticias\/paso-pehuenche-preocupan-la-demora-en-la-apertura-del-paso\/","title":{"rendered":"PASO PEHUENCHE: PREOCUPA LA DEMORA EN LA APERTURA DEL PASO"},"content":{"rendered":"<h4><span style=\"color: #000000;\">El Paso Internacional que se encuentra en el Sur de Mendoza lleva cerrado cerca de 3 meses.<\/span><\/h4>\n<p><span style=\"color: #000000;\">En 2017, durante la gesti\u00f3n de Mauricio Macri y tras 16 a\u00f1os de ejecuci\u00f3n, se inaugur\u00f3 el paso fronterizo que vincula a Argentina con Chile. <strong>El Paso Pehuenche funcionada casi todo el a\u00f1o a exceptuando luego de intensas nevadas en la regi\u00f3n<\/strong>, este a\u00f1o el paso ha permanecido cerrado desde mediados de junio.<\/span><\/p>\n<p><span style=\"color: #000000;\">Consultado por esta alarmante situaci\u00f3n, el corresponsal Malarg\u00fcino Eduardo Araujo explic\u00f3 que <strong><em>\u201cla mayor problem\u00e1tica surge en el lado chileno porque no despejan la calzada tras la nevada\u201d.<\/em><\/strong> La gran acumulaci\u00f3n de nieve produce enormes deslizamientos de piedra y baro, complicando la circulaci\u00f3n de veh\u00edculos.<\/span><\/p>\n<p><span style=\"color: #000000;\">El extendido cierre del Paso Pehuenche tambi\u00e9n ha generado preocupaci\u00f3n en el sector econ\u00f3mico de la regi\u00f3n. La baja circulaci\u00f3n, tanto de turistas chilenos como de viajantes argentinos, es notable y desfavorece a las\u00a0localidades\u00a0m\u00e1s pr\u00f3ximas como lo son\u00a0Las Loicas,\u00a0Bardas Blancas\u00a0y\u00a0Malarg\u00fce.<\/span><\/p>\n<p><span style=\"color: #000000;\">Adem\u00e1s, Araujo explic\u00f3 que <strong><em>\u201cexiste un convenido que establece que Vialidad Nacional de Argentina puede acceder al lado chileno pero solo a realizar tareas de despeje de nieve. Cuando se requiere realizar otro tipo de movimientos, las maquinas argentinas no pueden intervenir\u201d.<\/em><\/strong> As\u00ed mismo, el periodista sostuvo que <strong><em>\u201chay poco inter\u00e9s pol\u00edtico por parte de los gobiernos de ambos pa\u00edses para resolver la situaci\u00f3n desde hace a\u00f1os\u201d.<\/em><\/strong><\/span><\/p>\n","protected":false},"excerpt":{"rendered":"<p>El Paso Internacional que se encuentra en el Sur de Mendoza lleva cerrado cerca de 3 meses. En 2017, durante la &#8230;<\/p>\n","protected":false},"author":7,"featured_media":98018,"comment_status":"open","ping_status":"open","sticky":false,"template":"","format":"standard","meta":{"footnotes":""},"categories":[5,30],"tags":[],"class_list":["post-139798","post","type-post","status-publish","format-standard","has-post-thumbnail","hentry","category-actualidad","category-paso-pehuenche"],"_links":{"self":[{"href":"https:\/\/vinasfm.com\/noticias\/wp-json\/wp\/v2\/posts\/139798","targetHints":{"allow":["GET"]}}],"collection":[{"href":"https:\/\/vinasfm.com\/noticias\/wp-json\/wp\/v2\/posts"}],"about":[{"href":"https:\/\/vinasfm.com\/noticias\/wp-json\/wp\/v2\/types\/post"}],"author":[{"embeddable":true,"href":"https:\/\/vinasfm.com\/noticias\/wp-json\/wp\/v2\/users\/7"}],"replies":[{"embeddable":true,"href":"https:\/\/vinasfm.com\/noticias\/wp-json\/wp\/v2\/comments?post=139798"}],"version-history":[{"count":2,"href":"https:\/\/vinasfm.com\/noticias\/wp-json\/wp\/v2\/posts\/139798\/revisions"}],"predecessor-version":[{"id":139850,"href":"https:\/\/vinasfm.com\/noticias\/wp-json\/wp\/v2\/posts\/139798\/revisions\/139850"}],"wp:featuredmedia":[{"embeddable":true,"href":"https:\/\/vinasfm.com\/noticias\/wp-json\/wp\/v2\/media\/98018"}],"wp:attachment":[{"href":"https:\/\/vinasfm.com\/noticias\/wp-json\/wp\/v2\/media?parent=139798"}],"wp:term":[{"taxonomy":"category","embeddable":true,"href":"https:\/\/vinasfm.com\/noticias\/wp-json\/wp\/v2\/categories?post=139798"},{"taxonomy":"post_tag","embeddable":true,"href":"https:\/\/vinasfm.com\/noticias\/wp-json\/wp\/v2\/tags?post=139798"}],"curies":[{"name":"wp","href":"https:\/\/api.w.org\/{rel}","templated":true}]}}