{"id":139795,"date":"2024-09-23T09:18:32","date_gmt":"2024-09-23T12:18:32","guid":{"rendered":"https:\/\/vinasfm.com\/noticias\/?p=139795"},"modified":"2024-09-24T08:57:47","modified_gmt":"2024-09-24T11:57:47","slug":"robo-de-transformadores-detuvieron-a-otros-dos-sujetos-en-monte-coman","status":"publish","type":"post","link":"https:\/\/vinasfm.com\/noticias\/robo-de-transformadores-detuvieron-a-otros-dos-sujetos-en-monte-coman\/","title":{"rendered":"ROBO DE TRANSFORMADORES: DETUVIERON A OTROS DOS SUJETOS EN MONTE COMAN"},"content":{"rendered":"<h4><span style=\"color: #000000;\">El pasado viernes, personal policial detuvo a un masculino vinculado al robo de transformadores.\u00a0<\/span><\/h4>\n<p><span style=\"color: #000000;\">El masculino detenido circualaba (<em>Ruta 160 y Calle Santib\u00e1\u00f1ez)<\/em> a bordo de una camioneta, <strong>tras una persecuci\u00f3n policial su acompa\u00f1ante logr\u00f3 darse a la fuga quedando detenido el conductor del rodado.<\/strong> Requisado el vehiculo <strong>se constata que en la parte trasera llevaban un transformador sustra\u00eddo.<\/strong><\/span><\/p>\n<p><span style=\"color: #000000;\">Respecto al hecho, personal policial inform\u00f3 que<strong> se llevaron a cabo nuevas medidas de allanamiento que culminaron con la detenci\u00f3n de dos sujetos m\u00e1s y el secuestros de distintos elementos de inter\u00e9s para la causa.<\/strong><\/span><\/p>\n","protected":false},"excerpt":{"rendered":"<p>El pasado viernes, personal policial detuvo a un masculino vinculado al robo de transformadores.\u00a0 El masculino detenido circualaba (Ruta 160 y &#8230;<\/p>\n","protected":false},"author":7,"featured_media":139734,"comment_status":"open","ping_status":"open","sticky":false,"template":"","format":"standard","meta":{"footnotes":""},"categories":[5,4],"tags":[],"class_list":["post-139795","post","type-post","status-publish","format-standard","has-post-thumbnail","hentry","category-actualidad","category-policiales"],"_links":{"self":[{"href":"https:\/\/vinasfm.com\/noticias\/wp-json\/wp\/v2\/posts\/139795","targetHints":{"allow":["GET"]}}],"collection":[{"href":"https:\/\/vinasfm.com\/noticias\/wp-json\/wp\/v2\/posts"}],"about":[{"href":"https:\/\/vinasfm.com\/noticias\/wp-json\/wp\/v2\/types\/post"}],"author":[{"embeddable":true,"href":"https:\/\/vinasfm.com\/noticias\/wp-json\/wp\/v2\/users\/7"}],"replies":[{"embeddable":true,"href":"https:\/\/vinasfm.com\/noticias\/wp-json\/wp\/v2\/comments?post=139795"}],"version-history":[{"count":1,"href":"https:\/\/vinasfm.com\/noticias\/wp-json\/wp\/v2\/posts\/139795\/revisions"}],"predecessor-version":[{"id":139796,"href":"https:\/\/vinasfm.com\/noticias\/wp-json\/wp\/v2\/posts\/139795\/revisions\/139796"}],"wp:featuredmedia":[{"embeddable":true,"href":"https:\/\/vinasfm.com\/noticias\/wp-json\/wp\/v2\/media\/139734"}],"wp:attachment":[{"href":"https:\/\/vinasfm.com\/noticias\/wp-json\/wp\/v2\/media?parent=139795"}],"wp:term":[{"taxonomy":"category","embeddable":true,"href":"https:\/\/vinasfm.com\/noticias\/wp-json\/wp\/v2\/categories?post=139795"},{"taxonomy":"post_tag","embeddable":true,"href":"https:\/\/vinasfm.com\/noticias\/wp-json\/wp\/v2\/tags?post=139795"}],"curies":[{"name":"wp","href":"https:\/\/api.w.org\/{rel}","templated":true}]}}