{"id":139737,"date":"2024-09-20T08:57:03","date_gmt":"2024-09-20T11:57:03","guid":{"rendered":"https:\/\/vinasfm.com\/noticias\/?p=139737"},"modified":"2024-09-20T08:57:03","modified_gmt":"2024-09-20T11:57:03","slug":"hay-altas-expectativas-por-la-cantidad-de-turistas-que-asistiran-al-show-de-divididos","status":"publish","type":"post","link":"https:\/\/vinasfm.com\/noticias\/hay-altas-expectativas-por-la-cantidad-de-turistas-que-asistiran-al-show-de-divididos\/","title":{"rendered":"HAY ALTAS EXPECTATIVAS POR LA CANTIDAD DE TURISTAS QUE ASISTIRAN AL SHOW DE DIVIDIDOS"},"content":{"rendered":"<h4><span style=\"color: #000000;\">El evento promete atraer a m\u00e1s de mil turistas al departamento. Los prestadores tur\u00edsticos locales se han mostrado entusiastas y satisfechos con esta oportunidad, que no solo promete entretenimiento, sino tambi\u00e9n un significativo movimiento econ\u00f3mico en la regi\u00f3n.<\/span><\/h4>\n<p><span style=\"color: #000000;\">Seg\u00fan declararon distintos prestadores, la afluencia de visitantes generar\u00e1 un impacto positivo en todos los sectores relacionados con el turismo. Desde alojamientos hasta restaurantes y comercios locales, todos est\u00e1n listos para recibir a los turistas que llegar\u00e1n para disfrutar del espect\u00e1culo. <strong>Las reservas han aumentado considerablemente, especialmente para el fin de semana, lo que indica un gran inter\u00e9s por parte de los visitantes.<\/strong><\/span><\/p>\n<p><span style=\"color: #000000;\"><em><strong>\u201cLa llegada de m\u00e1s de mil personas al departamento es una excelente oportunidad para promocionar General Alvear como un destino tur\u00edstico atractivo\u201d<\/strong><\/em>, dijo <span style=\"color: #003366;\"><strong>Ricardo Bistolfi<\/strong><\/span>,<em> desde la C\u00e1mara de Turismo. <\/em><\/span><span style=\"color: #000000;\">Seguido asegur\u00f3 que los prestadores de servicios est\u00e1n bien preparados y han tomado medidas para asegurar que la experiencia de los turistas sea memorable.<\/span><\/p>\n<p><span style=\"color: #000000;\"><span style=\"color: #003366;\"><strong>Norma Granados<\/strong><\/span>, prestadora local, destac\u00f3 que hay buenas ofertas disponibles en el comercio local, lo que incentivar\u00e1 a\u00fan m\u00e1s las compras y el consumo en la zona. <\/span><span style=\"color: #000000;\"><em><strong>\u201cEste evento no solo representa una oportunidad econ\u00f3mica, sino tambi\u00e9n una plataforma para mostrar las bellezas y encantos de Alvear. En lo gastron\u00f3mico sabemos muy bien que estamos preparados, los colegas tienen muy buen servicio\u201d<\/strong><\/em>, concluy\u00f3.<\/span><\/p>\n","protected":false},"excerpt":{"rendered":"<p>El evento promete atraer a m\u00e1s de mil turistas al departamento. Los prestadores tur\u00edsticos locales se han mostrado entusiastas y satisfechos &#8230;<\/p>\n","protected":false},"author":7,"featured_media":139740,"comment_status":"open","ping_status":"open","sticky":false,"template":"","format":"standard","meta":{"footnotes":""},"categories":[1],"tags":[],"class_list":["post-139737","post","type-post","status-publish","format-standard","has-post-thumbnail","hentry","category-fmvinas"],"_links":{"self":[{"href":"https:\/\/vinasfm.com\/noticias\/wp-json\/wp\/v2\/posts\/139737","targetHints":{"allow":["GET"]}}],"collection":[{"href":"https:\/\/vinasfm.com\/noticias\/wp-json\/wp\/v2\/posts"}],"about":[{"href":"https:\/\/vinasfm.com\/noticias\/wp-json\/wp\/v2\/types\/post"}],"author":[{"embeddable":true,"href":"https:\/\/vinasfm.com\/noticias\/wp-json\/wp\/v2\/users\/7"}],"replies":[{"embeddable":true,"href":"https:\/\/vinasfm.com\/noticias\/wp-json\/wp\/v2\/comments?post=139737"}],"version-history":[{"count":1,"href":"https:\/\/vinasfm.com\/noticias\/wp-json\/wp\/v2\/posts\/139737\/revisions"}],"predecessor-version":[{"id":139741,"href":"https:\/\/vinasfm.com\/noticias\/wp-json\/wp\/v2\/posts\/139737\/revisions\/139741"}],"wp:featuredmedia":[{"embeddable":true,"href":"https:\/\/vinasfm.com\/noticias\/wp-json\/wp\/v2\/media\/139740"}],"wp:attachment":[{"href":"https:\/\/vinasfm.com\/noticias\/wp-json\/wp\/v2\/media?parent=139737"}],"wp:term":[{"taxonomy":"category","embeddable":true,"href":"https:\/\/vinasfm.com\/noticias\/wp-json\/wp\/v2\/categories?post=139737"},{"taxonomy":"post_tag","embeddable":true,"href":"https:\/\/vinasfm.com\/noticias\/wp-json\/wp\/v2\/tags?post=139737"}],"curies":[{"name":"wp","href":"https:\/\/api.w.org\/{rel}","templated":true}]}}