{"id":139732,"date":"2024-09-20T08:36:31","date_gmt":"2024-09-20T11:36:31","guid":{"rendered":"https:\/\/vinasfm.com\/noticias\/?p=139732"},"modified":"2024-09-23T09:22:13","modified_gmt":"2024-09-23T12:22:13","slug":"fuga-personal-policial-logro-dar-con-dos-sujetos-vinculados-al-robo-de-transformadores","status":"publish","type":"post","link":"https:\/\/vinasfm.com\/noticias\/fuga-personal-policial-logro-dar-con-dos-sujetos-vinculados-al-robo-de-transformadores\/","title":{"rendered":"FUGA: PERSONAL POLICIAL LOGR\u00d3 DAR CON DOS SUJETOS VINCULADOS AL ROBO DE TRANSFORMADORES"},"content":{"rendered":"<h4><span style=\"color: #000000;\">En la madrugada de este viernes se logr\u00f3 la aprehensi\u00f3n de un masculino y se procedi\u00f3 al secuestro de una camioneta.<\/span><\/h4>\n<p><span style=\"color: #000000;\">Siendo las 00:00 horas aproxim\u00e1damente,<strong> personal policial de la Comisar\u00eda 46 de Monte Com\u00e1n<\/strong> <em>-realizando patrullaje preventivo en Ruta 160 y Calle Santib\u00e1\u00f1ez-<\/em> intenta controlar <strong>una camioneta de la cual se ten\u00eda informaci\u00f3n que pod\u00eda estar involucrada en la sustracci\u00f3n de transformadores. <\/strong><\/span><\/p>\n<p><span style=\"color: #000000;\">En un primer momento, <strong>el rodado se dio a la fuga haciendo caso omiso al personal policia<\/strong>l, luego se logr\u00f3 detener la marcha del veh\u00edculo, <strong>del cual descendieron r\u00e1pidamente dos sujetos que se dieron a la fuga.<\/strong> Los uniformados <strong>lograron la aprehensi\u00f3n del conductor, como as\u00ed tambi\u00e9n al secuestro del veh\u00edculo.<\/strong> Requisado el mismo se constata que en la parte trasera llevaba un transformador sustra\u00eddo.<\/span><\/p>\n<p>&nbsp;<\/p>\n<p><a href=\"https:\/\/vinasfm.com\/noticias\/wp-content\/uploads\/2024\/09\/WhatsApp-Image-2024-09-20-at-08.35.51.jpeg\"><img loading=\"lazy\" decoding=\"async\" class=\"alignnone wp-image-139735\" src=\"https:\/\/vinasfm.com\/noticias\/wp-content\/uploads\/2024\/09\/WhatsApp-Image-2024-09-20-at-08.35.51.jpeg\" alt=\"\" width=\"400\" height=\"287\" srcset=\"https:\/\/vinasfm.com\/noticias\/wp-content\/uploads\/2024\/09\/WhatsApp-Image-2024-09-20-at-08.35.51.jpeg 719w, https:\/\/vinasfm.com\/noticias\/wp-content\/uploads\/2024\/09\/WhatsApp-Image-2024-09-20-at-08.35.51-300x215.jpeg 300w\" sizes=\"auto, (max-width: 400px) 100vw, 400px\" \/><\/a><\/p>\n","protected":false},"excerpt":{"rendered":"<p>En la madrugada de este viernes se logr\u00f3 la aprehensi\u00f3n de un masculino y se procedi\u00f3 al secuestro de una camioneta. &#8230;<\/p>\n","protected":false},"author":7,"featured_media":139734,"comment_status":"open","ping_status":"open","sticky":false,"template":"","format":"standard","meta":{"footnotes":""},"categories":[5,4],"tags":[],"class_list":["post-139732","post","type-post","status-publish","format-standard","has-post-thumbnail","hentry","category-actualidad","category-policiales"],"_links":{"self":[{"href":"https:\/\/vinasfm.com\/noticias\/wp-json\/wp\/v2\/posts\/139732","targetHints":{"allow":["GET"]}}],"collection":[{"href":"https:\/\/vinasfm.com\/noticias\/wp-json\/wp\/v2\/posts"}],"about":[{"href":"https:\/\/vinasfm.com\/noticias\/wp-json\/wp\/v2\/types\/post"}],"author":[{"embeddable":true,"href":"https:\/\/vinasfm.com\/noticias\/wp-json\/wp\/v2\/users\/7"}],"replies":[{"embeddable":true,"href":"https:\/\/vinasfm.com\/noticias\/wp-json\/wp\/v2\/comments?post=139732"}],"version-history":[{"count":1,"href":"https:\/\/vinasfm.com\/noticias\/wp-json\/wp\/v2\/posts\/139732\/revisions"}],"predecessor-version":[{"id":139736,"href":"https:\/\/vinasfm.com\/noticias\/wp-json\/wp\/v2\/posts\/139732\/revisions\/139736"}],"wp:featuredmedia":[{"embeddable":true,"href":"https:\/\/vinasfm.com\/noticias\/wp-json\/wp\/v2\/media\/139734"}],"wp:attachment":[{"href":"https:\/\/vinasfm.com\/noticias\/wp-json\/wp\/v2\/media?parent=139732"}],"wp:term":[{"taxonomy":"category","embeddable":true,"href":"https:\/\/vinasfm.com\/noticias\/wp-json\/wp\/v2\/categories?post=139732"},{"taxonomy":"post_tag","embeddable":true,"href":"https:\/\/vinasfm.com\/noticias\/wp-json\/wp\/v2\/tags?post=139732"}],"curies":[{"name":"wp","href":"https:\/\/api.w.org\/{rel}","templated":true}]}}