{"id":139727,"date":"2024-09-20T08:26:51","date_gmt":"2024-09-20T11:26:51","guid":{"rendered":"https:\/\/vinasfm.com\/noticias\/?p=139727"},"modified":"2024-09-21T10:28:18","modified_gmt":"2024-09-21T13:28:18","slug":"el-cien-solidario-participantes-reunieron-alimentos-que-fueron-donados-en-el-barrio-el-parque","status":"publish","type":"post","link":"https:\/\/vinasfm.com\/noticias\/el-cien-solidario-participantes-reunieron-alimentos-que-fueron-donados-en-el-barrio-el-parque\/","title":{"rendered":"EL CIEN SOLIDARIO: PARTICIPANTES REUNIERON ALIMENTOS QUE FUERON DONADOS EN EL BARRIO \u00abEL PARQUE\u00bb"},"content":{"rendered":"<h4><span style=\"color: #000000;\">Junto a la Asesor\u00eda de la Juventud, como es tradicional a trav\u00e9s del CIEN se realiza, el d\u00eda solidario donde se juntan alimentos no perecederos para donarlos a un lugar o instituci\u00f3n del departamento. En la edici\u00f3n 2024, lo recaudado fue entregado en el Zoom del Barrio Parque a toda la comunidad del mismo.<\/span><\/h4>\n<p><span style=\"color: #000000;\"><span style=\"color: #003366;\"><strong>Milagros Nieto<span style=\"color: #000000;\">, <\/span><\/strong><span style=\"color: #000000;\">quien est\u00e1 al frente<\/span><\/span>\u00a0de la <strong><em>Asesor\u00eda de la Juventud<\/em><\/strong>, se expres\u00f3 muy contenta con esta actividad; <em><strong>\u00absiempre es necesario destacar la actitud de ellos, de haber tomado esta iniciativa y de llevarla a cabo\u00bb.<\/strong><\/em><\/span><\/p>\n<p><span style=\"color: #000000;\">Por otro lado, <em>representantes del CIEN 2024<\/em> presentes en la entrega destacaron la participaci\u00f3n de los chicos, <span style=\"color: #003366;\"><strong>Celeste<\/strong><\/span> dijo; <em><strong>\u00abNosotros a los d\u00edas de empezar el CIEN mencionamos que \u00edbamos a hacer un d\u00eda solidario en que ibamos a recolectar alimentos no perecederos que iban a ser donados. Fortunadamente hemos logrado juntar una importante cantidad de alimentos y estamos muy contentos por eso\u00bb.<\/strong><\/em><\/span><\/p>\n<p><strong><span style=\"color: #000000;\">Las actividades del CIEN 2024, contin\u00faan hasta el domingo 22 con diferentes propuestas para los j\u00f3venes.<\/span><\/strong><\/p>\n<p><span style=\"color: #000000;\">Finalmente, <span style=\"color: #003366;\"><strong>Delfina<\/strong><\/span> hizo hincapi\u00e9 en la persistencia de este evento para a\u00f1os posteriores;<strong><em> \u00abtenemos en cuenta que el a\u00f1o pasado no se hizo, por eso quer\u00edamos empezar a hacerlo este a\u00f1o y que quede un soporte para los a\u00f1os siguientes y que los chicos puedan seguir participando\u00bb.<\/em><\/strong><\/span><\/p>\n<p>&nbsp;<\/p>\n","protected":false},"excerpt":{"rendered":"<p>Junto a la Asesor\u00eda de la Juventud, como es tradicional a trav\u00e9s del CIEN se realiza, el d\u00eda solidario donde se &#8230;<\/p>\n","protected":false},"author":7,"featured_media":139730,"comment_status":"open","ping_status":"open","sticky":false,"template":"","format":"standard","meta":{"footnotes":""},"categories":[5,11],"tags":[],"class_list":["post-139727","post","type-post","status-publish","format-standard","has-post-thumbnail","hentry","category-actualidad","category-sociales"],"_links":{"self":[{"href":"https:\/\/vinasfm.com\/noticias\/wp-json\/wp\/v2\/posts\/139727","targetHints":{"allow":["GET"]}}],"collection":[{"href":"https:\/\/vinasfm.com\/noticias\/wp-json\/wp\/v2\/posts"}],"about":[{"href":"https:\/\/vinasfm.com\/noticias\/wp-json\/wp\/v2\/types\/post"}],"author":[{"embeddable":true,"href":"https:\/\/vinasfm.com\/noticias\/wp-json\/wp\/v2\/users\/7"}],"replies":[{"embeddable":true,"href":"https:\/\/vinasfm.com\/noticias\/wp-json\/wp\/v2\/comments?post=139727"}],"version-history":[{"count":1,"href":"https:\/\/vinasfm.com\/noticias\/wp-json\/wp\/v2\/posts\/139727\/revisions"}],"predecessor-version":[{"id":139731,"href":"https:\/\/vinasfm.com\/noticias\/wp-json\/wp\/v2\/posts\/139727\/revisions\/139731"}],"wp:featuredmedia":[{"embeddable":true,"href":"https:\/\/vinasfm.com\/noticias\/wp-json\/wp\/v2\/media\/139730"}],"wp:attachment":[{"href":"https:\/\/vinasfm.com\/noticias\/wp-json\/wp\/v2\/media?parent=139727"}],"wp:term":[{"taxonomy":"category","embeddable":true,"href":"https:\/\/vinasfm.com\/noticias\/wp-json\/wp\/v2\/categories?post=139727"},{"taxonomy":"post_tag","embeddable":true,"href":"https:\/\/vinasfm.com\/noticias\/wp-json\/wp\/v2\/tags?post=139727"}],"curies":[{"name":"wp","href":"https:\/\/api.w.org\/{rel}","templated":true}]}}